{"id":633,"date":"2013-10-23T12:21:21","date_gmt":"2013-10-23T10:21:21","guid":{"rendered":"http:\/\/www.braccofrancese.com\/?p=633"},"modified":"2013-10-23T12:22:11","modified_gmt":"2013-10-23T10:22:11","slug":"ragatzu-avete-scritto-la-storia-di-questa-razza-nel-nostro-paese","status":"publish","type":"post","link":"https:\/\/www.braccofrancese.com\/?p=633","title":{"rendered":"Ragatzu: Avete scritto la storia di questa razza nel nostro Paese."},"content":{"rendered":"<p>L&#8217;edizione 2013 della Coppa Italia dedicata alle Razze Continentali da ferma\u00a0cade esattamente nel decennale del riconoscimento del CIBF da parte dell&#8217;Ente Nazionale della Cinofilia Italiana. Ed \u00e8 la seconda volta che siamo stati chiamati ad organizzare questa importante manifestazione cinofila.<\/p>\n<p>La buona presenza di selvatici, le ottime strutture a disposizione, la belt\u00e0 paesaggistica, e la posizione geografica hanno fatto cadere la scelta su Bolsena, in Provincia di Viterbo. Accanto a noi il Club Italiano Griffone Korthals e, opportunamente, il Gruppo Cinofilo Viterbese. Grazie alla collaborazione di Farmina Teambreeder, nella persona di Riccardo Sarchioni, la Coppa organizzata dal CIBF ha potuto contare sull&#8217;utilizzo delle strutture ricettive del paese, e non soltanto: Bolsena ha aperto le porte ai cinofili continentalisti concedendo un&#8217;ospitalit\u00e0 rara ed encomiabile.<\/p>\n<div id=\"attachment_628\" style=\"width: 809px\" class=\"wp-caption aligncenter\"><a href=\"http:\/\/www.braccofrancese.com\/wp-content\/uploads\/2013\/10\/bolsena1.jpg\"><img aria-describedby=\"caption-attachment-628\" decoding=\"async\" loading=\"lazy\" class=\"size-full wp-image-628\" alt=\"La squadra del CIBF\" src=\"http:\/\/www.braccofrancese.com\/wp-content\/uploads\/2013\/10\/bolsena1.jpg\" width=\"799\" height=\"386\" srcset=\"https:\/\/www.braccofrancese.com\/wp-content\/uploads\/2013\/10\/bolsena1.jpg 799w, https:\/\/www.braccofrancese.com\/wp-content\/uploads\/2013\/10\/bolsena1-300x144.jpg 300w, https:\/\/www.braccofrancese.com\/wp-content\/uploads\/2013\/10\/bolsena1-500x241.jpg 500w\" sizes=\"(max-width: 799px) 100vw, 799px\" \/><\/a><p id=\"caption-attachment-628\" class=\"wp-caption-text\">La squadra del CIBF<\/p><\/div>\n<p>Amici carissimi, non si tratta di un evento competitivo, ne tanto meno caratterizzato da futili individualismi! Ribadisco questo concetto in quanto in pi\u00f9 occasioni c&#8217;\u00e8 stato il tentativo di distorcere la sostanza della Coppa, che trova nei suoi scopi l&#8217;obiettivo di manifestare, in un confronto diretto e globale, lo stato di salute del momento delle diverse razze continentali.<\/p>\n<p>Per quanto ci riguarda, questa \u00e8 la sintesi dei risultati ottenuti: dopo circa tredici anni di lavoro il bracco francese oggi propone un patrimonio genetico di ottima rilevanza e tangibili risultati. Abbiamo presentato una squadra di tutte femmine e un solo stallone: zootecnicamente parlando questa condizione costituisce un dato di palese e determinante importanza per la tutela dell&#8217;allevamento italiano. Abbiamo avuto un concreto risultato dalla verifica morfologica che attesta la perfetta aderenza al tipo. Gli stessi cani si sono espressi con ottime qualit\u00e0 funzionali, per doti venatorie e di stile; nella concretezza tre dei nostri sono riusciti a &#8220;scolpire&#8221; la classifica: Made in Canada Axel, Fedra, e Charlotte ottengono la massima qualifica all&#8217;Eccellenza!<\/p>\n<p>Sono anche emerse alcune difficolt\u00e0 sulle quali abbiamo il dovere di porre attenzione nel futuro lavoro di selezione, sopratutto in merito ai riporti, da terra e dall&#8217;acqua. I nostri cani sanno riportare e affrontano anche senza troppe difficolt\u00e0 l&#8217;acqua alta, ma, nell&#8217;occasione, \u00e8 mancata quella richiesta precisione nell&#8217;esecuzione. Questo l&#8217;unico neo che per\u00f2 non ha impedito di evidenziare le grandi qualit\u00e0 che il bracco francese possiede, e che lo attestano quale ottimo ausiliare venatorio. Concreto sopratutto!<\/p>\n<p>Quello che conta \u00e8 il contesto globale. Per questo ho voluto stringere la mano a coloro che nelle due giornate si sono davvero impegnati. Ai nostri conduttori Federico, Stefano, Giuseppe, Roberto, e Omar: sono umilmente orgoglioso di esservi accanto, e sono convinto che il vostro operato ha permesso di scrivere la storia di questa razza nel nostro Paese. Un pensiero importante va a Sergio, a Massimo e a tutti quelli che gli sono stati accanto, e che hanno offerto un fondamentale ed insostituibile aiuto nell&#8217;organizzazione dell\u2019evento. La seriet\u00e0 e la competenza di Antonino hanno dato lustro e trasparenza al nostro operato tecnico, ed hanno condotto ad svolgere una Coppa per la quale possiamo sostenere a gran voce la soddisfazione di aver ottenuto quegli scopi che la manifestazione si prefigge. Per tutti, anche per noi, e in prima analisi per la tutela ed il benessere delle razze che vi hanno partecipato.<\/p>\n<p>Amici, (perci\u00f2 vi ho ricordato esplicitamente per nome), e mi rivolgo a tutti i Soci: manteniamo la nostra sincera obiettivit\u00e0, correttezza sportiva, la reciproca considerazione e il rispetto, che uniti alla passione per la razza che tuteliamo non potranno che condurre ai risultati che desideriamo per la promozione e la salvaguardia dell&#8217;allevamento in Italia del Bracco Francese. Bravi!<\/p>\n<p>Marco Ragatzu, Presidente CIBF<\/p>\n","protected":false},"excerpt":{"rendered":"<p>L&#8217;edizione 2013 della Coppa Italia dedicata alle Razze Continentali da ferma\u00a0cade esattamente nel decennale del riconoscimento del CIBF da parte dell&#8217;Ente Nazionale della Cinofilia Italiana. Ed \u00e8 la seconda volta che siamo stati chiamati ad organizzare questa importante manifestazione cinofila. &hellip; <a href=\"https:\/\/www.braccofrancese.com\/?p=633\">Continue reading <span class=\"meta-nav\">&rarr;<\/span><\/a><\/p>\n","protected":false},"author":1,"featured_media":0,"comment_status":"closed","ping_status":"closed","sticky":false,"template":"","format":"standard","meta":[],"categories":[9,7],"tags":[],"_links":{"self":[{"href":"https:\/\/www.braccofrancese.com\/index.php?rest_route=\/wp\/v2\/posts\/633"}],"collection":[{"href":"https:\/\/www.braccofrancese.com\/index.php?rest_route=\/wp\/v2\/posts"}],"about":[{"href":"https:\/\/www.braccofrancese.com\/index.php?rest_route=\/wp\/v2\/types\/post"}],"author":[{"embeddable":true,"href":"https:\/\/www.braccofrancese.com\/index.php?rest_route=\/wp\/v2\/users\/1"}],"replies":[{"embeddable":true,"href":"https:\/\/www.braccofrancese.com\/index.php?rest_route=%2Fwp%2Fv2%2Fcomments&post=633"}],"version-history":[{"count":3,"href":"https:\/\/www.braccofrancese.com\/index.php?rest_route=\/wp\/v2\/posts\/633\/revisions"}],"predecessor-version":[{"id":636,"href":"https:\/\/www.braccofrancese.com\/index.php?rest_route=\/wp\/v2\/posts\/633\/revisions\/636"}],"wp:attachment":[{"href":"https:\/\/www.braccofrancese.com\/index.php?rest_route=%2Fwp%2Fv2%2Fmedia&parent=633"}],"wp:term":[{"taxonomy":"category","embeddable":true,"href":"https:\/\/www.braccofrancese.com\/index.php?rest_route=%2Fwp%2Fv2%2Fcategories&post=633"},{"taxonomy":"post_tag","embeddable":true,"href":"https:\/\/www.braccofrancese.com\/index.php?rest_route=%2Fwp%2Fv2%2Ftags&post=633"}],"curies":[{"name":"wp","href":"https:\/\/api.w.org\/{rel}","templated":true}]}}