{"id":624,"date":"2013-10-09T11:07:49","date_gmt":"2013-10-09T09:07:49","guid":{"rendered":"http:\/\/www.braccofrancese.com\/?p=624"},"modified":"2013-10-09T11:07:49","modified_gmt":"2013-10-09T09:07:49","slug":"coppa-italia-razze-continentali","status":"publish","type":"post","link":"https:\/\/www.braccofrancese.com\/?p=624","title":{"rendered":"Coppa Italia Razze Continentali"},"content":{"rendered":"<p style=\"text-align: justify;\">Il 19 e 20 ottobre avr\u00e0 luogo l&#8217;edizione 2013 della Coppa Italia Continentali, organizzata dal <a href=\"http:\/\/www.braccofrancese.com\/\">CIBF<\/a> e dal <a href=\"http:\/\/www.cigk.eu\/\">CIGK<\/a> con la collaborazione tecnica del <a href=\"http:\/\/www.gruppocinofiloviterbese.it\/\">Gruppo Cinofilo Viterbese<\/a>. L&#8217;evento si svolger\u00e0 sulle sponde del lago di Bolsena, (Viterbo) ed \u00e8 considerato dai cinofili un imperdibile punto di riferimento, ma anche una festa caratterizzata da convivialit\u00e0 e cinognostica. Quest&#8217;anno un programma molto articolato oltre alle verifiche morfo-funzionali dei concorrenti prevede numerosi appuntamenti.<\/p>\n<p style=\"text-align: justify;\">Lo spettacolo si apre la sera del venerd\u00ec 18 alle ore 17:00 con un interessante convegno nel Teatro Comunale del paese, che esporr\u00e0 in merito ai temi &#8220;Coppa Italia: l&#8217;attuale regolamento, la formula e le proposte di modifica.&#8221;, (a cura di Cesare Bonasegale e Marco Ragatzu, con considerazioni finali di Antonino La Barbera), e gli interventi al confronto moderati dal dr. Domenico Attimonelli; l&#8217;altro tema che si affronter\u00e0 \u00e8 &#8220;<a href=\"http:\/\/www.coppaitaliacontinentali.it\/images\/copertina%20alta%20risoluzione.jpg\">Il fagiano: una specie da salvare.<\/a>&#8220;, a cura di Roberto Mazzoni che presenter\u00e0 la pubblicazione in merito, (libro che sar\u00e0 possibile acquisire il giorno stesso). Dopo il convegno si terr\u00e0 la premiazione del Trofeo &#8220;Il Bracco Italiano pi\u00f9 Bello del Mondo&#8221;, ( a cura della <a href=\"http:\/\/www.ilbraccoitaliano.org\/it\/\">SABI<\/a> , premio offerto dall&#8217;artista Luciano Funari), che anticipa la conclusione della serata durante la quale si terranno le estrazioni delle batterie e dei Giudici\/zone per la prova del giorno seguente. I Presidenti di giuria si incontreranno nella sala del Teatro per la riunione &#8220;Attuale formula Coppa Italia e Regolamenti Enci&#8221;. Alle ore 20:30 \u00e8 prevista la cena inaugurale presso il ristorante &#8220;Ai Platani&#8221;.<\/p>\n<p style=\"text-align: justify;\"><a href=\"http:\/\/www.braccofrancese.com\/wp-content\/uploads\/2013\/10\/locandina-programma.pdf\">Coppa Italia 2013. Scarica il programma<\/a>.<\/p>\n","protected":false},"excerpt":{"rendered":"<p>Il 19 e 20 ottobre avr\u00e0 luogo l&#8217;edizione 2013 della Coppa Italia Continentali, organizzata dal CIBF e dal CIGK con la collaborazione tecnica del Gruppo Cinofilo Viterbese. L&#8217;evento si svolger\u00e0 sulle sponde del lago di Bolsena, (Viterbo) ed \u00e8 considerato &hellip; <a href=\"https:\/\/www.braccofrancese.com\/?p=624\">Continue reading <span class=\"meta-nav\">&rarr;<\/span><\/a><\/p>\n","protected":false},"author":1,"featured_media":0,"comment_status":"closed","ping_status":"closed","sticky":false,"template":"","format":"standard","meta":[],"categories":[9,7],"tags":[],"_links":{"self":[{"href":"https:\/\/www.braccofrancese.com\/index.php?rest_route=\/wp\/v2\/posts\/624"}],"collection":[{"href":"https:\/\/www.braccofrancese.com\/index.php?rest_route=\/wp\/v2\/posts"}],"about":[{"href":"https:\/\/www.braccofrancese.com\/index.php?rest_route=\/wp\/v2\/types\/post"}],"author":[{"embeddable":true,"href":"https:\/\/www.braccofrancese.com\/index.php?rest_route=\/wp\/v2\/users\/1"}],"replies":[{"embeddable":true,"href":"https:\/\/www.braccofrancese.com\/index.php?rest_route=%2Fwp%2Fv2%2Fcomments&post=624"}],"version-history":[{"count":1,"href":"https:\/\/www.braccofrancese.com\/index.php?rest_route=\/wp\/v2\/posts\/624\/revisions"}],"predecessor-version":[{"id":626,"href":"https:\/\/www.braccofrancese.com\/index.php?rest_route=\/wp\/v2\/posts\/624\/revisions\/626"}],"wp:attachment":[{"href":"https:\/\/www.braccofrancese.com\/index.php?rest_route=%2Fwp%2Fv2%2Fmedia&parent=624"}],"wp:term":[{"taxonomy":"category","embeddable":true,"href":"https:\/\/www.braccofrancese.com\/index.php?rest_route=%2Fwp%2Fv2%2Fcategories&post=624"},{"taxonomy":"post_tag","embeddable":true,"href":"https:\/\/www.braccofrancese.com\/index.php?rest_route=%2Fwp%2Fv2%2Ftags&post=624"}],"curies":[{"name":"wp","href":"https:\/\/api.w.org\/{rel}","templated":true}]}}