{"id":543,"date":"2013-05-14T17:08:42","date_gmt":"2013-05-14T15:08:42","guid":{"rendered":"http:\/\/www.braccofrancese.com\/?p=543"},"modified":"2013-05-14T17:08:42","modified_gmt":"2013-05-14T15:08:42","slug":"convegno-sul-bracco-francese-al-game-fair","status":"publish","type":"post","link":"https:\/\/www.braccofrancese.com\/?p=543","title":{"rendered":"Convegno sul Bracco Francese al Game Fair"},"content":{"rendered":"<div id=\"attachment_544\" style=\"width: 224px\" class=\"wp-caption alignleft\"><a href=\"http:\/\/www.braccofrancese.com\/wp-content\/uploads\/2013\/05\/GameFair2013_LocandinaCinofilaA4.jpg\"><img aria-describedby=\"caption-attachment-544\" decoding=\"async\" loading=\"lazy\" class=\"size-medium wp-image-544\" alt=\"Locandina del Convegno\" src=\"http:\/\/www.braccofrancese.com\/wp-content\/uploads\/2013\/05\/GameFair2013_LocandinaCinofilaA4-214x300.jpg\" width=\"214\" height=\"300\" srcset=\"https:\/\/www.braccofrancese.com\/wp-content\/uploads\/2013\/05\/GameFair2013_LocandinaCinofilaA4-214x300.jpg 214w, https:\/\/www.braccofrancese.com\/wp-content\/uploads\/2013\/05\/GameFair2013_LocandinaCinofilaA4.jpg 642w\" sizes=\"(max-width: 214px) 100vw, 214px\" \/><\/a><p id=\"caption-attachment-544\" class=\"wp-caption-text\">Locandina del Convegno<\/p><\/div>\n<p>Al Game Fair il prossimo 1 giugno alle ore 16.30 si parler\u00e0 del Bracco Francese. Fa parte del programma ufficiale il Convegno sulle Razze da ferma francesi a confronto: Pyr\u00e9n\u00e9e, Bleu d\u2019Auvergne, e Korthals. Aspetti generali ed evoluzione in Italia con il cacciatore cinofilo. Il convegno sar\u00e0 tenuto nella\u00a0Sala Conferenze. I relatori saranno Marco Ragatzu, Antonino La Barbera, Domenico Attimonelli e Giuseppe Fontecedro.<\/p>\n<p>Inoltre, lo stesso giorno alle ore 10.30 avranno luogo i raduni nazionale delle razze francesi, dedicati ai Pyr\u00e9n\u00e9es, ai Bleu d&#8217;Auvergne e ai Griffoni Korthals.<\/p>\n<p>Infine, alle 18.00, a conclusione del convegno, si svolger\u00e0 la premiazione.<\/p>\n<p>&nbsp;<\/p>\n","protected":false},"excerpt":{"rendered":"<p>Al Game Fair il prossimo 1 giugno alle ore 16.30 si parler\u00e0 del Bracco Francese. Fa parte del programma ufficiale il Convegno sulle Razze da ferma francesi a confronto: Pyr\u00e9n\u00e9e, Bleu d\u2019Auvergne, e Korthals. Aspetti generali ed evoluzione in Italia &hellip; <a href=\"https:\/\/www.braccofrancese.com\/?p=543\">Continue reading <span class=\"meta-nav\">&rarr;<\/span><\/a><\/p>\n","protected":false},"author":1,"featured_media":0,"comment_status":"closed","ping_status":"closed","sticky":false,"template":"","format":"standard","meta":[],"categories":[9,7],"tags":[37,38,40,32,16,31,39],"_links":{"self":[{"href":"https:\/\/www.braccofrancese.com\/index.php?rest_route=\/wp\/v2\/posts\/543"}],"collection":[{"href":"https:\/\/www.braccofrancese.com\/index.php?rest_route=\/wp\/v2\/posts"}],"about":[{"href":"https:\/\/www.braccofrancese.com\/index.php?rest_route=\/wp\/v2\/types\/post"}],"author":[{"embeddable":true,"href":"https:\/\/www.braccofrancese.com\/index.php?rest_route=\/wp\/v2\/users\/1"}],"replies":[{"embeddable":true,"href":"https:\/\/www.braccofrancese.com\/index.php?rest_route=%2Fwp%2Fv2%2Fcomments&post=543"}],"version-history":[{"count":1,"href":"https:\/\/www.braccofrancese.com\/index.php?rest_route=\/wp\/v2\/posts\/543\/revisions"}],"predecessor-version":[{"id":545,"href":"https:\/\/www.braccofrancese.com\/index.php?rest_route=\/wp\/v2\/posts\/543\/revisions\/545"}],"wp:attachment":[{"href":"https:\/\/www.braccofrancese.com\/index.php?rest_route=%2Fwp%2Fv2%2Fmedia&parent=543"}],"wp:term":[{"taxonomy":"category","embeddable":true,"href":"https:\/\/www.braccofrancese.com\/index.php?rest_route=%2Fwp%2Fv2%2Fcategories&post=543"},{"taxonomy":"post_tag","embeddable":true,"href":"https:\/\/www.braccofrancese.com\/index.php?rest_route=%2Fwp%2Fv2%2Ftags&post=543"}],"curies":[{"name":"wp","href":"https:\/\/api.w.org\/{rel}","templated":true}]}}