{"id":1206,"date":"2016-10-03T12:02:16","date_gmt":"2016-10-03T10:02:16","guid":{"rendered":"http:\/\/www.braccofrancese.com\/?p=1206"},"modified":"2017-06-14T15:36:50","modified_gmt":"2017-06-14T13:36:50","slug":"il-raduno-di-campionato-sociale-di-roccarespampani","status":"publish","type":"post","link":"https:\/\/www.braccofrancese.com\/?p=1206","title":{"rendered":"IL RADUNO DI CAMPIONATO SOCIALE DI ROCCARESPAMPANI"},"content":{"rendered":"<p>&nbsp;<\/p>\n<p class=\"western\" style=\"margin-left: 1.27cm; margin-bottom: 0cm; line-height: 100%;\" align=\"justify\"><span style=\"font-family: Arial,sans-serif;\"><span style=\"font-size: medium;\"><i>Il 2 ottobre 2016 si \u00e8 svolto il 36^ raduno nazionale, il 1^ di Campionato Sociale CIBF. Un evento caratterizzato da cospicua partecipazione che ha visto trentuno bracchi francesi a catalogo, un blu d&#8217;Alvernia e due borbonesi, (quattro assenti nei bracchi francesi rispetto alle iscrizioni), oltre che da un&#8217;ottima qualit\u00e0 riscontrata nella verifica morfologica. Claudio Lombardi si \u00e8 compiaciuto per l&#8217;ottima organizzazione e, sopratutto, per l&#8217;eccellente stato di salute della razza: fatta eccezione di un solo Molto Buono, sono state assegnate tutte massime qualifiche ai soggetti ritenuti manifesti di spiccata omogeneit\u00e0. Queste le sue parole conclusive: \u201cLa razza vive un eccellente momento, sia dal punto di vista morfologico che funzionale, evidentemente per l&#8217;ottimo lavoro svolto dall&#8217;Associazione che la tutela. Questo \u00e8 il momento pi\u00f9 impegnativo che deve vedere in atto tutto ci\u00f2 necessario affinch\u00e9 la salute guadagnata si possa mantenere, quindi esorto il CIBF a mettere in atto tutti gli strumenti necessari per le future verifiche che indirizzeranno la selezione zootecnica di queste razze per il mantenimentodi ci\u00f2 che, raggiunto l&#8217;apice, pi\u00f9 di cos\u00ec non si pu\u00f2 migliorare. Ringrazio il CIBF per l&#8217;opportunit\u00e0 concessami, una delle tante che mi hanno visto partecipe, onorato, nel serio lavoro che state adoperando.\u201d<\/i><\/span><\/span><\/p>\n<p class=\"western\" style=\"margin-left: 1.27cm; margin-bottom: 0cm; line-height: 100%;\" align=\"justify\"><span style=\"font-family: Arial,sans-serif;\"><span style=\"font-size: medium;\"><i>Insieme al raduno si \u00e8 svolta anche la prova funzionale su selvatico abbattuto, (senza qualifiche ENCI), e quella di riporto dall&#8217;acqua profonda, test che hanno donato piacevoli conferme anche in lavoro.In palio il 1\u00b0 Trofeo Tuscia CIBF 2016 vinto da Ablen del Guardengo che si \u00e8 dimostrata bella e brava nella risultanza di quanto ottenuto sia in morfologia che in lavoro, riporto in acqua compreso. Iacopo di S.Donato \u00e8 stato il migliore del raduno accanto a Nan\u00e0 la miglior femmina. Molti volti nuovi, giovani leve che si affacciano alla vita sociale allineandosi proficuamente ai pi\u00f9 \u201cvecchi\u201d: cani giovani alle massime qualifiche e cuccioli ritenuti molto promettenti. Personalmente sono estremamente soddisfatto ripensando ai \u201csoli\u201d sedici anni che ci hanno visti impegnati nella selezione di queste razze, (in primis, dati i numeri, i bracchi francesi), e che, grazie sopratutto ai Soci sinceri che con la loro partecipazione indispensabile e la dedizione e considerazione verso le linee guida ed i consigli che noi stessi abbiamo voluto donare, hanno reso possibile tutto ci\u00f2, a loro guadagno ma sopratutto a quello del bracco francese. Non sono, (e non lo sono mai state), solo belle parole ma tangibili fatti che mi rendono orgoglioso accanto a tutti Voi, spingendomi in un abbraccio amicale con sincero ringraziamento. Adesso siamo di nuovo in pista per la prossima Coppa Italia per la quale cercheremo ancora una volta di manifestarci degni di tale importante vetrina zootecnica. Ringrazio a nome di tutto il CIBF l&#8217;Azienda Castel di Salce che ci ha gentilmente ospitato, il dr. Giulio Ascenzi per la sua disponibilit\u00e0, e l&#8217;Italica Pet Food che ha sponsorizzato l&#8217;evento. <\/i><\/span><\/span><span style=\"font-family: Arial,sans-serif;\"><span style=\"font-size: medium;\"><i>Il Presidente Marco Ragatzu.<\/i><\/span><\/span><\/p>\n<p class=\"western\" style=\"margin-bottom: 0cm; line-height: 100%;\" align=\"center\"><strong><span style=\"font-size: large;\"><span style=\"font-style: normal;\">Risultati e relazioni.<\/span><\/span><\/strong><\/p>\n<p class=\"western\" style=\"margin-bottom: 0cm; line-height: 100%;\" align=\"center\"><span style=\"font-family: Verdana,sans-serif;\"><b>Raduno<\/b><\/span><\/p>\n<p class=\"western\" style=\"margin-bottom: 0cm; line-height: 100%;\" align=\"center\"><span style=\"font-family: Verdana,sans-serif;\"><b><span style=\"background: transparent;\">134) BRACCO FRANCESE, tipo Pyr\u00e9n\u00e9es (F)<\/span><\/b><\/span><\/p>\n<p class=\"western\" style=\"margin-bottom: 0cm; font-weight: normal; line-height: 100%;\" align=\"center\"><span style=\"font-family: Verdana,sans-serif;\"><span style=\"font-size: medium;\"><span style=\"background: transparent;\">MASCHI<\/span><\/span><\/span><\/p>\n<p class=\"western\" style=\"margin-bottom: 0cm; line-height: 100%;\" align=\"center\"><b><span style=\"background: transparent;\"><span style=\"font-family: Verdana,sans-serif;\">CAMPIONI<\/span><\/span><\/b><\/p>\n<p class=\"western\" style=\"margin-bottom: 0cm; line-height: 100%;\" align=\"justify\"><span style=\"color: #000000;\"><span style=\"font-family: Verdana,sans-serif;\"><span style=\"font-size: small;\"><b><span style=\"background: transparent;\">MADE IN CANADA AXEL<\/span><\/b><\/span><\/span><\/span><span style=\"color: #000000;\"><span style=\"font-family: Verdana,sans-serif;\"><span style=\"font-size: small;\"><span style=\"font-weight: normal;\"><span style=\"background: transparent;\"> \u2013 NATO IL 02\/12\/2009 \u2013 B\/M \u2013 LO 10\/177229 \u2013 MICROCHIP 982009106523699 \u2013 PADRE GARD DEL SANDALYON \u2013 MADRE DAISY DI S.DONATO \u2013 ALLEVATORE NICOLA FILAZZOLA \u2013 PROPRIETARIO ROBERTO RENZI. \u201c <\/span><\/span><\/span><\/span><\/span><span style=\"color: #000000;\"><span style=\"font-family: Verdana,sans-serif;\"><span style=\"font-size: small;\"><span style=\"font-weight: normal;\"><span style=\"background: transparent;\">7 anni, in tipo con evidente impronta maschile. Soggetto gi\u00e0 giudicato di recente che si presenta in ottima forma. Confermo precedente giudizio.\u201d<\/span><\/span><\/span><\/span><\/span><span style=\"color: #000000;\"><span style=\"font-family: Verdana,sans-serif;\"><span style=\"font-size: small;\"><b><span style=\"background: transparent;\">1\u00b0 ECC<\/span><\/b><\/span><\/span><\/span><\/p>\n<p class=\"western\" style=\"margin-bottom: 0cm; line-height: 100%;\" align=\"justify\"><span style=\"color: #000000;\"><span style=\"font-family: Verdana,sans-serif;\"><span style=\"font-size: small;\"><b><span style=\"background: transparent;\">FEAL<\/span><\/b><\/span><\/span><\/span><span style=\"color: #000000;\"><span style=\"font-family: Verdana,sans-serif;\"><span style=\"font-size: small;\"><span style=\"font-weight: normal;\"><span style=\"background: transparent;\"> \u2013 NATO IL 23\/04\/2010 \u2013 B\/M \u2013 LO 10\/115150 \u2013 MICROCHIP <\/span><\/span><\/span><\/span><\/span><span style=\"color: #000000;\"><span style=\"font-family: Verdana,sans-serif;\"><span style=\"font-size: small;\"><span lang=\"it\"><span style=\"font-weight: normal;\"><span style=\"background: transparent;\">380260000338382 \u2013 PADRE ELFO \u2013 MADRE BONNY \u2013 ALLEVATORE VITTORIO INFANTE \u2013 PROPRIETARIO ANTONIO MALPELI. \u201c <\/span><\/span><\/span><\/span><\/span><\/span><span style=\"color: #000000;\"><span style=\"font-family: Verdana,sans-serif;\"><span style=\"font-size: small;\"><span lang=\"it\"><span style=\"font-weight: normal;\"><span style=\"background: transparent;\">5 anni, tipico, buona impronta maschile;testa di buoni rapporti e corretta l&#8217;espressione. Buon collo, corretta inclinazione della spalla. Linea superiore con leggera rottura all&#8217;11^. Buon rene. Muove bene seppur con qualche piccola difficolt\u00e0 di presentazione.\u201d <\/span><\/span><\/span><\/span><\/span><\/span><span style=\"color: #000000;\"><span style=\"font-family: Verdana,sans-serif;\"><span style=\"font-size: small;\"><span lang=\"it\"><b><span style=\"background: transparent;\">2\u00b0ECC<\/span><\/b><\/span><\/span><\/span><\/span><\/p>\n<p class=\"western\" style=\"margin-bottom: 0cm; line-height: 100%;\" align=\"center\"><span style=\"color: #000000;\"><span style=\"font-family: Verdana,sans-serif;\"><span style=\"font-size: small;\"><b><span style=\"background: transparent;\">LIBERA<\/span><\/b><\/span><\/span><\/span><\/p>\n<p class=\"western\" style=\"margin-bottom: 0cm; line-height: 100%;\" align=\"justify\"><span style=\"color: #000000;\"><span style=\"font-family: Verdana,sans-serif;\"><span style=\"font-size: small;\"><b><span style=\"background: transparent;\">DEMON<\/span><\/b><\/span><\/span><\/span><span style=\"color: #000000;\"><span style=\"font-family: Verdana,sans-serif;\"><span style=\"font-size: small;\"><span style=\"font-weight: normal;\"><span style=\"background: transparent;\"> \u2013 NATO IL 28\/03\/2013 \u2013 NATO IL 28\/03\/2013 \u2013 B\/M \u2013 LO 13\/72667 &#8211; MICROCHIP 380260010197641 \u2013 PADRE FLASH \u2013 MADRE FRIDA \u2013 ALLEVATORE SBARRA SARA \u2013 PROPRIETARIO ARANGINU NINO. \u201c<\/span><\/span><\/span><\/span><\/span><span style=\"color: #000000;\"><span style=\"font-family: Verdana,sans-serif;\"><span style=\"font-size: small;\"><span style=\"font-weight: normal;\"><span style=\"background: transparent;\">3 anni, maschile, bene rispettati i rapporti cranio\/muso. Sufficientemente corretta l&#8217;espressione. Bene la spalla, profili del tronco corretti. Bene reni e groppa. Chiusura a tenaglia. Movimento sufficientemente sciolto.<\/span><\/span><\/span><\/span><\/span><span style=\"color: #000000;\"><span style=\"font-family: Verdana,sans-serif;\"><span style=\"font-size: small;\"><b><span style=\"background: transparent;\">1\u00b0 ECC RIS.CAC<\/span><\/b><\/span><\/span><\/span><\/p>\n<p class=\"western\" style=\"margin-bottom: 0cm; line-height: 100%;\" align=\"center\"><span style=\"font-family: Verdana,sans-serif;\"><span style=\"font-size: small;\"><b><span style=\"background: transparent;\">INTERMEDIA<\/span><\/b><\/span><\/span><\/p>\n<p class=\"western\" style=\"margin-bottom: 0cm; line-height: 100%;\" align=\"left\"><span style=\"color: #000000;\"><span style=\"font-family: Verdana,sans-serif;\"><span style=\"font-size: small;\"><b><span style=\"background: transparent;\">L.MIRO DI S.DONATO<\/span><\/b><\/span><\/span><\/span><span style=\"color: #000000;\"><span style=\"font-family: Verdana,sans-serif;\"><span style=\"font-size: small;\"><span style=\"font-weight: normal;\"><span style=\"background: transparent;\"> \u2013 NATO IL 11\/05\/2015 \u2013 B\/M \u2013 LO 15\/109605 &#8211; MICROCHIP 380260100228813 \u2013 PADRE IACOPO DI S.DONATO \u2013 MADRE COE \u2013 ALLEVATORE RAGATZU MARCO \u2013 PROPRIETARIO DE SANTIS SERGIO. \u201c <\/span><\/span><\/span><\/span><\/span><span style=\"color: #000000;\"><span style=\"font-family: Verdana,sans-serif;\"><span style=\"font-size: small;\"><span style=\"font-weight: normal;\"><span style=\"background: transparent;\">15 mesi, tipico, maschile, ben rispettai i rapporti cranio\/muso, buona l&#8217;espressione, orecchio bene inserito ma non sempre ben portato. Bene angolato l&#8217;anteriore, corretti i profili del tronco, bene il rene e la groppa di giusta inclinazione un filo corta. Sufficiente lo sviluppo toracico. Muove bene.\u201d<\/span><\/span><\/span><\/span><\/span><span style=\"color: #000000;\"><span style=\"font-family: Verdana,sans-serif;\"><span style=\"font-size: small;\"><b><span style=\"background: transparent;\"> 1\u00b0ECC CAC<\/span><\/b><\/span><\/span><\/span><\/p>\n<p class=\"western\" style=\"margin-bottom: 0cm; line-height: 100%;\" align=\"center\"><span style=\"font-family: Verdana,sans-serif;\"><span style=\"font-size: small;\"><b><span style=\"background: transparent;\">LAVORO<\/span><\/b><\/span><\/span><\/p>\n<p class=\"western\" style=\"margin-bottom: 0cm; line-height: 100%;\" align=\"justify\"><span style=\"color: #000000;\"><span style=\"font-family: Verdana,sans-serif;\"><span style=\"font-size: small;\"><span lang=\"it\"><b><span style=\"background: transparent;\">LINO DI S.DONATO<\/span><\/b><\/span><\/span><\/span><\/span><span style=\"color: #000000;\"><span style=\"font-family: Verdana,sans-serif;\"><span style=\"font-size: small;\"><span lang=\"it\"><span style=\"font-weight: normal;\"><span style=\"background: transparent;\"> \u2013 NATO 11\/05\/2015 \u2013 B\/M \u2013 LO15109599 \u2013 MICROCHIP 380260100228840 \u2013 PADRE IACOPO DI S.DONATO \u2013 MADRE COE \u2013 ALLEVATORE MARCO RAGATZU \u2013 PROPRIETARIO DELLA CORTE ALFONSO. \u201c <\/span><\/span><\/span><\/span><\/span><\/span><span style=\"color: #000000;\"><span style=\"font-family: Verdana,sans-serif;\"><span style=\"font-size: small;\"><span lang=\"it\"><span style=\"font-weight: normal;\"><span style=\"background: transparent;\">15 mesi, tipico, maschile, <\/span><\/span><\/span><\/span><\/span><\/span><span style=\"color: #000000;\"><span style=\"font-family: Verdana,sans-serif;\"><span style=\"font-size: small;\"><span lang=\"it\"><span style=\"font-weight: normal;\"><span style=\"background: transparent;\">ottima testa per proporzioni e profili, buona l&#8217;espressione, bel collo, spalla bene inclinata. Corretti i profili del tronco, bel rene sufficientemente corretta la groppa. Buono lo sviluppo toracico, muscolatura che dimostra l&#8217;et\u00e0. Movimento sciolto.\u201d <\/span><\/span><\/span><\/span><\/span><\/span><span style=\"color: #000000;\"><span style=\"font-family: Verdana,sans-serif;\"><span style=\"font-size: small;\"><span lang=\"it\"><b><span style=\"background: transparent;\"> 2\u00b0 ECC RIS CAC<\/span><\/b><\/span><\/span><\/span><\/span><\/p>\n<p class=\"western\" style=\"margin-bottom: 0cm; line-height: 100%;\" align=\"justify\"><span style=\"color: #000000;\"><span style=\"font-family: Verdana,sans-serif;\"><span style=\"font-size: small;\"><span lang=\"it\"><b><span style=\"background: transparent;\">ARTU&#8217;<\/span><\/b><\/span><\/span><\/span><\/span><span style=\"color: #000000;\"><span style=\"font-family: Verdana,sans-serif;\"><span style=\"font-size: small;\"><span lang=\"it\"><span style=\"font-weight: normal;\"><span style=\"background: transparent;\"> \u2013 NATO IL 03\/05\/2014 &#8211; B\/M \u2013 LO 1498731 &#8211; MICRCOCHIP 380260100053584 &#8211; PADRE MADE IN CANADA AXEL &#8211; MADRE FRIDA \u2013 ALLEVATORE SBARRA SARA \u2013 PROPRIETARIO NUNZIANTE MASSIMILIANO. \u201c<\/span><\/span><\/span><\/span><\/span><\/span><span style=\"color: #000000;\"><span style=\"font-family: Verdana,sans-serif;\"><span style=\"font-size: small;\"><span lang=\"it\"><span style=\"font-weight: normal;\"><span style=\"background: transparent;\">2 anni, maschile, bene i rapporti cranio\/muso, cranio largo,masseteri troppo sviluppati. Buona l&#8217;espressione. Corretti i profili del tronco, bene reni e groppa. Movimento sufficientemente sciolto. \u201c<\/span><\/span><\/span><\/span><\/span><\/span><span style=\"color: #000000;\"><span style=\"font-family: Verdana,sans-serif;\"><span style=\"font-size: small;\"><span lang=\"it\"><b><span style=\"background: transparent;\"> 3\u00b0 ECC<\/span><\/b><\/span><\/span><\/span><\/span><\/p>\n<p class=\"western\" style=\"margin-bottom: 0cm; line-height: 100%;\" align=\"justify\"><span style=\"color: #000000;\"><span style=\"font-family: Verdana,sans-serif;\"><span style=\"font-size: small;\"><span lang=\"it\"><b><span style=\"background: transparent;\">JACOPO DI S.DONATO<\/span><\/b><\/span><\/span><\/span><\/span><span style=\"color: #000000;\"><span style=\"font-family: Verdana,sans-serif;\"><span style=\"font-size: small;\"><span lang=\"it\"><span style=\"font-weight: normal;\"><span style=\"background: transparent;\"> \u2013 NATO IL 29\/03\/2013 \u2013 B\/M \u2013 LO 13\/70875 \u2013 MICROCHIP 380260002039465 \u2013 PADRE BOSCQUU DU CLOS DE GAOU \u2013 MADRE ULA \u2013 ALLEVATORE MARCO RAGATZU \u2013 PROPRIETARIO SERGIO DE SANTIS. \u201c<\/span><\/span><\/span><\/span><\/span><\/span><span style=\"color: #000000;\"><span style=\"font-family: Verdana,sans-serif;\"><span style=\"font-size: small;\"><span lang=\"it\"><span style=\"font-weight: normal;\"><span style=\"background: transparent;\">3 anni, tipico, evidente impronta maschile, bella testa. Corretta l&#8217;espressione. Guadagnerebbe con spalla pi\u00f9 inclinata. Sufficientemente corretti i profili del tronco, buoni rene e groppa. Soggetto ottimo esponente di razza che presenta una leggera lesione sulla parte destra del tronco di origine traumatica. Muove con disinvoltura e buona spinta\u201d<\/span><\/span><\/span><\/span><\/span><\/span><span style=\"color: #000000;\"><span style=\"font-family: Verdana,sans-serif;\"><span style=\"font-size: small;\"><span lang=\"it\"><b><span style=\"background: transparent;\">1\u00b0 ECC CAC BOB<\/span><\/b><\/span><\/span><\/span><\/span><\/p>\n<p class=\"western\" style=\"margin-bottom: 0cm; line-height: 100%;\" align=\"center\"><span style=\"font-family: Verdana,sans-serif;\"><span style=\"font-size: small;\"><b><span style=\"background: transparent;\">GIOVANI<\/span><\/b><\/span><\/span><\/p>\n<p class=\"western\" style=\"margin-bottom: 0cm; line-height: 100%;\"><span style=\"color: #000000;\"><span style=\"font-family: Verdana,sans-serif;\"><span style=\"font-size: small;\"><b><span style=\"background: transparent;\">LINUS DI S.DONATO \u2013<\/span><\/b><\/span><\/span><\/span><span style=\"color: #000000;\"><span style=\"font-family: Verdana,sans-serif;\"><span style=\"font-size: small;\"><span style=\"font-weight: normal;\"><span style=\"background: transparent;\"> NATO IL 11\/05\/2015 \u2013 B\/M \u2013 MICROCHIP 380260100227638 \u2013 PADRE IACOPO DI S.DONATO \u2013 MADRE COE \u2013 ALLEVATORE E PROPRIETARIO RAGATZU MARCO<\/span><\/span><\/span><\/span><\/span><span style=\"color: #000000;\"><span style=\"font-family: Verdana,sans-serif;\"><span style=\"font-size: small;\"><b><span style=\"background: transparent;\"> . \u201c <\/span><\/b><\/span><\/span><\/span><span style=\"color: #000000;\"><span style=\"font-family: Verdana,sans-serif;\"><span style=\"font-size: small;\"><span style=\"font-weight: normal;\"><span style=\"background: transparent;\">Soggetto con buona qualit\u00e0 di razza, testa di buona tipicit\u00e0 per espressione e rapporti, eccellente il collo, corretti i profili del tronco, un filo di rene bene la groppa. Torace sufficientemente sviluppato. Qualche difficolt\u00e0 di presentazione. Muove bene. \u201c <\/span><\/span><\/span><\/span><\/span><span style=\"color: #000000;\"><span style=\"font-family: Verdana,sans-serif;\"><span style=\"font-size: small;\"><b><span style=\"background: transparent;\">3\u00b0 ECC<\/span><\/b><\/span><\/span><\/span><\/p>\n<p class=\"western\" style=\"margin-bottom: 0cm; line-height: 100%;\"><span style=\"color: #000000;\"><span style=\"font-family: Verdana,sans-serif;\"><span style=\"font-size: small;\"><b><span style=\"background: transparent;\">RED<\/span><\/b><\/span><\/span><\/span><span style=\"color: #000000;\"><span style=\"font-family: Verdana,sans-serif;\"><span style=\"font-size: small;\"><span style=\"font-weight: normal;\"><span style=\"background: transparent;\"> \u2013 NATO IL 28\/11\/2015 &#8211; B\/M \u2013 LO 1611623 \u2013 MICROCHIP 380260002513129 PADRE MADE IN CANADA AXEL \u2013 MADRE FEDRA &#8211; ALLEVATORE ASSANTI FEDERICO \u2013 PROPRIETARIO RENZI ROBERTO. \u201c <\/span><\/span><\/span><\/span><\/span><span style=\"color: #000000;\"><span style=\"font-family: Verdana,sans-serif;\"><span style=\"font-size: small;\"><span style=\"font-weight: normal;\"><span style=\"background: transparent;\">10 mesi, In tipo, gi\u00e0 buona l&#8217;impronta maschile, sufficientemente corretta l&#8217;espressione che guadagnerebbe con occhi pi\u00f9 scuri. Bene la spalla, corretta la linea superiore, il rene e la groppa. Da completare lo sviluppo toracico. Corretti gli appiombi. Muove bene. \u201c<\/span><\/span><\/span><\/span><\/span><span style=\"color: #000000;\"><span style=\"font-family: Verdana,sans-serif;\"><span style=\"font-size: small;\"><b><span style=\"background: transparent;\">4\u00b0 ECC<\/span><\/b><\/span><\/span><\/span><\/p>\n<p class=\"western\" style=\"margin-bottom: 0cm; line-height: 100%;\"><span style=\"color: #000000;\"><span style=\"font-family: Verdana,sans-serif;\"><span style=\"font-size: small;\"><b><span style=\"background: transparent;\">RALF<\/span><\/b><\/span><\/span><\/span><span style=\"color: #000000;\"><span style=\"font-family: Verdana,sans-serif;\"><span style=\"font-size: small;\"><span style=\"font-weight: normal;\"><span style=\"background: transparent;\"> \u2013 NATO IL 28\/11\/2015 \u2013 B\/M -LO 1611631 \u2013 MICROCHIP 380260002509992 \u2013 PADRE MADE IN CANADA AXEL \u2013 MADRE FEDRA &#8211; ALLEVATORE ASSANTI FEDERICO \u2013 PROPRIETARIO RENZI ROBERTO. \u201c <\/span><\/span><\/span><\/span><\/span><span style=\"color: #000000;\"><span style=\"font-family: Verdana,sans-serif;\"><span style=\"font-size: small;\"><span style=\"font-weight: normal;\"><span style=\"background: transparent;\">10 mesi, tipico, maschile, ben rispettati i rapporti cranio muso, guadagnerebbe con occhi pi\u00f9 scuri. Profili del tronco corretti. Un filo di rene bene la groppa. Gi\u00e0 buono lo sviluppo toracico. Guadagna in movimento.\u201d<\/span><\/span><\/span><\/span><\/span><span style=\"color: #000000;\"><span style=\"font-family: Verdana,sans-serif;\"><span style=\"font-size: small;\"><b><span style=\"background: transparent;\">2\u00b0 ECC<\/span><\/b><\/span><\/span><\/span><\/p>\n<p class=\"western\" style=\"margin-bottom: 0cm; line-height: 100%;\"><span style=\"color: #000000;\"><span style=\"font-family: Verdana,sans-serif;\"><span style=\"font-size: small;\"><b><span style=\"background: transparent;\">ROSS &#8211; <\/span><\/b><\/span><\/span><\/span><span style=\"color: #000000;\"><span style=\"font-family: Verdana,sans-serif;\"><span style=\"font-size: small;\"><span style=\"font-weight: normal;\"><span style=\"background: transparent;\">NATO IL 28\/11\/2015 \u2013 B\/M -LO 1611624 \u2013 MICROCHIP 380260002521472 \u2013 PADRE MADE IN CANADA AXEL \u2013 MADRE FEDRA &#8211; ALLEVATORE E PROPRIETARIO ASSANTI FEDERICO. \u201c10 mesi, tipico maschile, bella impronta di razza, corretto anteriore e corretti i profili del tronco. Bene reni e groppa un filo inclinata. Gi\u00e0 sufficiente lo sviluppo toracico. Muove bene. \u201c . <\/span><\/span><\/span><\/span><\/span><span style=\"color: #000000;\"><span style=\"font-family: Verdana,sans-serif;\"><span style=\"font-size: small;\"><b><span style=\"background: transparent;\">1\u00b0 ECC<\/span><\/b><\/span><\/span><\/span><\/p>\n<p class=\"western\" style=\"margin-bottom: 0cm; line-height: 100%;\" align=\"center\"><span style=\"font-family: Verdana,sans-serif;\"><span style=\"font-size: small;\"><b><span style=\"background: transparent;\">FEMMINE<\/span><\/b><\/span><\/span><\/p>\n<p class=\"western\" style=\"margin-bottom: 0cm; line-height: 100%;\" align=\"center\"><span style=\"color: #000000;\"><span style=\"font-family: Verdana,sans-serif;\"><span style=\"font-size: small;\"><b><span style=\"background: transparent;\">CAMPIONI<\/span><\/b><\/span><\/span><\/span><\/p>\n<p class=\"western\" style=\"margin-bottom: 0cm; line-height: 100%;\" align=\"justify\"><span style=\"color: #000000;\"><span style=\"font-family: Verdana,sans-serif;\"><span style=\"font-size: small;\"><b><span style=\"background: transparent;\">DASY<\/span><\/b><\/span><\/span><\/span><span style=\"color: #000000;\"><span style=\"font-family: Verdana,sans-serif;\"><span style=\"font-size: small;\"><span style=\"font-weight: normal;\"><span style=\"background: transparent;\"> \u2013 NATA 21\/01\/2010 \u2013 R\/M &#8211; LO10162278 \u2013 CHIP 982009106688619 \u2013 PADRE POWER DES POUITS DE RIANS \u2013 MADRE AMINA \u2013 ALLEVATORE ILARIA BERTAZZOLO \u2013 PROPRIETARIO PAOLA TREGGI. \u201c <\/span><\/span><\/span><\/span><\/span><span style=\"color: #000000;\"><span style=\"font-family: Verdana,sans-serif;\"><span style=\"font-size: small;\"><span style=\"font-weight: normal;\"><span style=\"background: transparent;\">6 anni, tipica e femminile. Buona impronta di razza. Ben rispettati i rapporti cranio\/muso. Bene la spallacorretit i profili del tronco , bene rene e groppa un filo corta. Migliora in movimento.\u201d<\/span><\/span><\/span><\/span><\/span><span style=\"color: #000000;\"><span style=\"font-family: Verdana,sans-serif;\"><span style=\"font-size: small;\"><b><span style=\"background: transparent;\">2\u00b0 ECC<\/span><\/b><\/span><\/span><\/span><\/p>\n<p class=\"western\" style=\"margin-bottom: 0cm; line-height: 100%;\" align=\"justify\"><span style=\"color: #000000;\"><span style=\"font-family: Verdana,sans-serif;\"><span style=\"font-size: small;\"><b><span style=\"background: transparent;\">CHAROLOTTE<\/span><\/b><\/span><\/span><\/span><span style=\"color: #000000;\"><span style=\"font-family: Verdana,sans-serif;\"><span style=\"font-size: small;\"><span style=\"font-weight: normal;\"><span style=\"background: transparent;\"> \u2013 NATA 01\/04\/2009 \u2013 B\/M \u2013 LO1027153 \u2013 CHIP 982009106693799 \u2013 PADRE TOON\u2019S DE SAINT MONTAGNE \u2013 MADRE AMINA \u2013 ALLEVATORE BERTAZZOLO ILARIA &#8211; PROPRIETARIO TONINI FRANCESCO. \u201c <\/span><\/span><\/span><\/span><\/span><span style=\"color: #000000;\"><span style=\"font-family: Verdana,sans-serif;\"><span style=\"font-size: small;\"><span style=\"font-weight: normal;\"><span style=\"background: transparent;\">6 anni, tipica, testa di buoni rapporti, bel collo e spalla bene inclinata, corretta dorsale, buono rene e groppa. Corretto lo sviluppo toracico. Movimento sciolto con buona spinta del posteriore.\u201d <\/span><\/span><\/span><\/span><\/span><span style=\"color: #000000;\"><span style=\"font-family: Verdana,sans-serif;\"><span style=\"font-size: small;\"><b><span style=\"background: transparent;\">4\u00b0 ECC<\/span><\/b><\/span><\/span><\/span><\/p>\n<p class=\"western\" style=\"margin-bottom: 0cm; line-height: 100%;\" align=\"justify\"><span style=\"color: #000000;\"><span style=\"font-family: Verdana,sans-serif;\"><span style=\"font-size: small;\"><b><span style=\"background: transparent;\">FRIDA<\/span><\/b><\/span><\/span><\/span><span style=\"color: #000000;\"><span style=\"font-family: Verdana,sans-serif;\"><span style=\"font-size: small;\"><span style=\"font-weight: normal;\"><span style=\"background: transparent;\"> \u2013 NATA IL 31\/08\/2010 \u2013 R\/M &#8211; LO \u2013 MICROCHIP <\/span><\/span><\/span><\/span><\/span><span style=\"color: #000000;\"><span style=\"font-family: Verdana,sans-serif;\"><span style=\"font-size: small;\"><span style=\"font-weight: normal;\"><span style=\"background: transparent;\">982000123224492 \u2013<\/span><\/span><\/span><\/span><\/span><span style=\"color: #000000;\"><span style=\"font-family: Verdana,sans-serif;\"><span style=\"font-size: small;\"><span style=\"font-weight: normal;\"><span style=\"background: transparent;\"> PADRE GERRY \u2013 MADRE ZETA DEL SANDALYON\u2013 ALLEVATORE DE SANTIS SERGIO PROPRIETARIO SBARRA SARA. \u201c <\/span><\/span><\/span><\/span><\/span><span style=\"color: #000000;\"><span style=\"font-family: Verdana,sans-serif;\"><span style=\"font-size: small;\"><span style=\"font-weight: normal;\"><span style=\"background: transparent;\">6 anni e \u00bd, impronta femminile, testa di buoni rapporti, corretta l&#8217;espressione, orecchio bene inserito ma non sempre ben portato. Buon collo, corretta inclinazione della spalla, dorsale ben solida. Rene un filo lungo. Groppa corta ma di giusta inclinazione. Muove bene. \u201c<\/span><\/span><\/span><\/span><\/span><span style=\"color: #000000;\"><span style=\"font-family: Verdana,sans-serif;\"><span style=\"font-size: small;\"><b><span style=\"background: transparent;\">3\u00b0 ECC<\/span><\/b><\/span><\/span><\/span><\/p>\n<p class=\"western\" style=\"margin-bottom: 0cm; line-height: 100%;\" align=\"justify\"><span style=\"color: #000000;\"><span style=\"font-family: Verdana,sans-serif;\"><span style=\"font-size: small;\"><b><span style=\"background: transparent;\">FEDRA <\/span><\/b><\/span><\/span><\/span><span style=\"color: #000000;\"><span style=\"font-family: Verdana,sans-serif;\"><span style=\"font-size: small;\"><span style=\"font-weight: normal;\"><span style=\"background: transparent;\">\u2013 NATA IL 31\/08\/2010 \u2013 B\/M \u2013 LO 10\/190556 \u2013 MICROCHIP 982000123223112 \u2013 PADRE GERRY \u2013 MADRE ZETA DEL SANDALYON \u2013 ALLEVATORE SERGIO DE SANTIS \u2013 PROPRIETARIO FEDERICO ASSANTI. \u201c <\/span><\/span><\/span><\/span><\/span><span style=\"color: #000000;\"><span style=\"font-family: Verdana,sans-serif;\"><span style=\"font-size: small;\"><span style=\"font-weight: normal;\"><span style=\"background: transparent;\">6 anni, tipica, femminile, sguardo un po duro. Orecchio bene inserito, bel collo e corretti i profili del tronco. Un filo di rene, sufficientemente corretta la groppa. Muove bene. \u201c<\/span><\/span><\/span><\/span><\/span><span style=\"color: #000000;\"><span style=\"font-family: Verdana,sans-serif;\"><span style=\"font-size: small;\"><b><span style=\"background: transparent;\">ECC<\/span><\/b><\/span><\/span><\/span><\/p>\n<p class=\"western\" style=\"margin-bottom: 0cm; line-height: 100%;\" align=\"justify\"><span style=\"color: #000000;\"><span style=\"font-family: Verdana,sans-serif;\"><span style=\"font-size: small;\"><b><span style=\"background: transparent;\">NANA\u2019 \u2013 <\/span><\/b><\/span><\/span><\/span><span style=\"color: #000000;\"><span style=\"font-family: Verdana,sans-serif;\"><span style=\"font-size: small;\"><span style=\"font-weight: normal;\"><span style=\"background: transparent;\">NATA 08\/05\/2011 \u2013 B\/M &#8211; LO 11\/98375 \u2013 MICROCHIP 380260070073774 \u2013 PADRE CIRO \u2013 MADRE VASIA DI SAN DONATO \u2013 ALLEVATORE E PROPRIETARIO BERTAZZOLO ILARIA. \u201c <\/span><\/span><\/span><\/span><\/span><span style=\"color: #000000;\"><span style=\"font-family: Verdana,sans-serif;\"><span style=\"font-size: small;\"><span style=\"font-weight: normal;\"><span style=\"background: transparent;\">5 anni, femminile. Testa di buoni rapporti, un filo di labbro, bene angolata la spalla. Eccellente sviluppo toracico e corretta la dorsale. Buono rene e groppa. Muove bene.\u201d <\/span><\/span><\/span><\/span><\/span><span style=\"color: #000000;\"><span style=\"font-family: Verdana,sans-serif;\"><span style=\"font-size: small;\"><b><span style=\"background: transparent;\">1\u00b0 ECC MIGLIOR FEMMINA<\/span><\/b><\/span><\/span><\/span><\/p>\n<p class=\"western\" style=\"margin-bottom: 0cm; line-height: 100%;\" align=\"left\"><span style=\"color: #000000;\"><span style=\"font-family: Verdana,sans-serif;\"><span style=\"font-size: small;\"><b><span style=\"background: transparent;\">ASTRA<\/span><\/b><\/span><\/span><\/span><span style=\"color: #000000;\"><span style=\"font-family: Verdana,sans-serif;\"><span style=\"font-size: small;\"><span style=\"font-weight: normal;\"><span style=\"background: transparent;\"> \u2013 NATA IL 11\/07\/201 \u2013 B\/M \u2013 LO 10\/150135 \u2013 MICROCHIP 380260040238250 \u2013 PADRE DARIO DEFELPAOLA &#8211; MADRE UKA \u2013 ALLEVATORE ARANGINU GIUSEPPE \u2013 PROPRIETARIO ARANGINU NINO. \u201c <\/span><\/span><\/span><\/span><\/span><span style=\"color: #000000;\"><span style=\"font-family: Verdana,sans-serif;\"><span style=\"font-size: small;\"><span style=\"font-weight: normal;\"><span style=\"background: transparent;\">6 anni, tipica, ben rispettati i rapporti cranio\/muso, corretta l&#8217;espressione,masseteri troppo sviluppati. Bene la spalla. Dorsale in movimento pi\u00f9 solida, bene rene e groppa. Muove bene.\u201d.<\/span><\/span><\/span><\/span><\/span><span style=\"color: #000000;\"><span style=\"font-family: Verdana,sans-serif;\"><span style=\"font-size: small;\"><b><span style=\"background: transparent;\">ECC<\/span><\/b><\/span><\/span><\/span><\/p>\n<p class=\"western\" style=\"margin-bottom: 0cm; line-height: 100%;\" align=\"center\"><span style=\"font-family: Verdana,sans-serif;\"><span style=\"font-size: small;\"><b><span style=\"background: transparent;\">LIBERA<\/span><\/b><\/span><\/span><\/p>\n<p class=\"western\" style=\"margin-bottom: 0cm; line-height: 100%;\" align=\"left\"><span style=\"color: #000000;\"><span style=\"font-family: Verdana,sans-serif;\"><span style=\"font-size: small;\"><b><span style=\"background: transparent;\">ESTER DES BECCASSIERS DE GUILLAUME<\/span><\/b><\/span><\/span><\/span><span style=\"color: #000000;\"><span style=\"font-family: Verdana,sans-serif;\"><span style=\"font-size: small;\"><span style=\"font-weight: normal;\"><span style=\"background: transparent;\"> \u2013 NATA IL 07\/06\/2009 \u2013 B\/M \u2013 LO 1081488 \u2013 MICROCHIP 380260080016336 \u2013 PADRE AS DES TROIX SIX \u2013 MADRE VOLGA DES BECCASSIERS DE GUILLAUME \u2013 ALLEVATORE BOUCHEZ CRISTIAN \u2013 PROPRIETARIO BARSOTTINI FRANCO. \u201c <\/span><\/span><\/span><\/span><\/span><span style=\"color: #000000;\"><span style=\"font-family: Verdana,sans-serif;\"><span style=\"font-size: small;\"><span style=\"font-weight: normal;\"><span style=\"background: transparent;\">7 anni, tipica, ben rispettati i rapporti della testa, bella espressione, orecchio bene inserito ma non sempre ben portato. Spalla un filo dritta. Corretti i profili del tronco, Corretti rene e groppa. Il movimento potrebbe essere pi\u00f9 fluido.\u201d <\/span><\/span><\/span><\/span><\/span><span style=\"color: #000000;\"><span style=\"font-family: Verdana,sans-serif;\"><span style=\"font-size: small;\"><b><span style=\"background: transparent;\">4 ECC<\/span><\/b><\/span><\/span><\/span><\/p>\n<p class=\"western\" style=\"margin-bottom: 0cm; line-height: 100%;\" align=\"left\"><span style=\"color: #000000;\"><span style=\"font-family: Verdana,sans-serif;\"><span style=\"font-size: small;\"><span style=\"font-weight: normal;\"><span style=\"background: transparent;\">21. <\/span><\/span><\/span><\/span><\/span><span style=\"color: #000000;\"><span style=\"font-family: Verdana,sans-serif;\"><span style=\"font-size: small;\"><b><span style=\"background: transparent;\">CLEO<\/span><\/b><\/span><\/span><\/span><span style=\"color: #000000;\"><span style=\"font-family: Verdana,sans-serif;\"><span style=\"font-size: small;\"><span style=\"font-weight: normal;\"><span style=\"background: transparent;\"> \u2013 NATA IL 09\/06\/2014 \u2013 B\/M \u2013 LO 14120221 \u2013 MICROCHIP 380260080303260 \u2013 PADRE BRICK DELLE SURIE \u2013 MADRE ESTER DES BECCASSIERS DE GUILLAUME \u2013 ALLEVATORE E PROPRIETARIO BARSOTTINI FRANCO. \u201c<\/span><\/span><\/span><\/span><\/span><span style=\"color: #000000;\"><span style=\"font-family: Verdana,sans-serif;\"><span style=\"font-size: small;\"><span style=\"font-weight: normal;\"><span style=\"background: transparent;\">2 anni, in tipo. Rispettati i rapporti cranio\/muso, Sufficientemente corretta l&#8217;espressione, orecchio bene inserito ma non sempre ben portato. Spalla un filo dritta e sufficientemente corretti i profili del tronco. Buon rene. Groppa un filo inclinata. Leggero mancinismo anteriore. \u201c<\/span><\/span><\/span><\/span><\/span><span style=\"color: #000000;\"><span style=\"font-family: Verdana,sans-serif;\"><span style=\"font-size: small;\"><b><span style=\"background: transparent;\">MB<\/span><\/b><\/span><\/span><\/span><\/p>\n<p class=\"western\" style=\"margin-bottom: 0cm; line-height: 100%;\" align=\"left\"><span style=\"color: #000000;\"><span style=\"font-family: Verdana,sans-serif;\"><span style=\"font-size: small;\"><b><span style=\"background: transparent;\">PEDRITA DEL GUARDENGO<\/span><\/b><\/span><\/span><\/span><span style=\"color: #000000;\"><span style=\"font-family: Verdana,sans-serif;\"><span style=\"font-size: small;\"><span style=\"font-weight: normal;\"><span style=\"background: transparent;\"> \u2013 NATA IL 16\/11\/2014 \u2013 B\/M \u2013 LO 1518006 &#8211; MICROCHIP 380260002295440 &#8211; PADRE FLASH DE CHANTOIZEAU \u2013 MADRE ETOILE DE CANTE PARDIGAOU \u2013 ALLEVATORE FULGENSI GIANNI &#8211; PROPRIETARIO BACHINI PAOLO. \u201c <\/span><\/span><\/span><\/span><\/span><span style=\"color: #000000;\"><span style=\"font-family: Verdana,sans-serif;\"><span style=\"font-size: small;\"><span style=\"font-weight: normal;\"><span style=\"background: transparent;\">2 anni. Soggetto gi\u00e0 giudicato di recente, si preseta in ottima forma e confermo precedente giudizio.\u201d <\/span><\/span><\/span><\/span><\/span><span style=\"color: #000000;\"><span style=\"font-family: Verdana,sans-serif;\"><span style=\"font-size: small;\"><b><span style=\"background: transparent;\"> 2 ECC<\/span><\/b><\/span><\/span><\/span><\/p>\n<p class=\"western\" style=\"margin-bottom: 0cm; line-height: 100%;\" align=\"left\"><span style=\"color: #000000;\"><span style=\"font-family: Verdana,sans-serif;\"><span style=\"font-size: small;\"><b><span style=\"background: transparent;\">JUNKA DE SAINT MONTANGE<\/span><\/b><\/span><\/span><\/span><span style=\"color: #000000;\"><span style=\"font-family: Verdana,sans-serif;\"><span style=\"font-size: small;\"><span style=\"font-weight: normal;\"><span style=\"background: transparent;\"> \u2013 B\/M &#8211; NATA IL 29\/11\/2014 \u2013 LOF 417139 \u2013 MICROCHIP 250268500807032 \u2013 ALLEVATORE LOMBARD ERIC \u2013 PROPRIETARIO MORONI ROBERTO. \u201c <\/span><\/span><\/span><\/span><\/span><span style=\"color: #000000;\"><span style=\"font-family: Verdana,sans-serif;\"><span style=\"font-size: small;\"><span style=\"font-weight: normal;\"><span style=\"background: transparent;\">2 anni, tipica, femminile con buoni rapporti della testa, corretta l&#8217;espressione. Buona spalla, linea superiore con leggera interruzione all&#8217;11^. Un filo di rene, groppa un filo inclinata. Soggetto che guadagnerebbe con maggiore massa. Migliora in movimento. \u201c.<\/span><\/span><\/span><\/span><\/span><span style=\"color: #000000;\"><span style=\"font-family: Verdana,sans-serif;\"><span style=\"font-size: small;\"><b><span style=\"background: transparent;\">1\u00b0 ECC CAC<\/span><\/b><\/span><\/span><\/span><\/p>\n<p class=\"western\" style=\"margin-bottom: 0cm; line-height: 100%;\" align=\"left\"><span style=\"color: #000000;\"><span style=\"font-family: Verdana,sans-serif;\"><span style=\"font-size: small;\"><b><span style=\"background: transparent;\">IOLE DI S.DONATO \u2013 B\/M \u2013 <\/span><\/b><\/span><\/span><\/span><span style=\"color: #000000;\"><span style=\"font-family: Verdana,sans-serif;\"><span style=\"font-size: small;\"><span style=\"font-weight: normal;\"><span style=\"background: transparent;\">NATA IL 14\/06\/2014 \u2013 B\/M \u2013 LO 14116058 \u2013 MICROCHIP 380260002271573 \u2013 PADRE HIDRO DELLA VALEE DU NEBBIU \u2013 MADRE AMBRA \u2013 ALLEVATORE E PROPRIETARIO RAGATZU MARCO. \u201c <\/span><\/span><\/span><\/span><\/span><span style=\"color: #000000;\"><span style=\"font-family: Verdana,sans-serif;\"><span style=\"font-size: small;\"><span style=\"font-weight: normal;\"><span style=\"background: transparent;\">2 anni e \u00bd, ben rispettati i rapporti cranio\/muso, sufficientemente corretta l&#8217;espressione, bel collo. Corretta la dorsale, un filo di rene. Presentazione che manifesta leggere difficolt\u00e0 ma muove bene.\u201d .<\/span><\/span><\/span><\/span><\/span><span style=\"color: #000000;\"><span style=\"font-family: Verdana,sans-serif;\"><span style=\"font-size: small;\"><b><span style=\"background: transparent;\">3\u00b0 ECC<\/span><\/b><\/span><\/span><\/span><\/p>\n<p class=\"western\" style=\"margin-bottom: 0cm; line-height: 100%;\" align=\"center\"><span style=\"font-family: Verdana,sans-serif;\"><span style=\"font-size: small;\"><b><span style=\"background: transparent;\">LAVORO<\/span><\/b><\/span><\/span><\/p>\n<p class=\"western\" style=\"margin-bottom: 0cm; line-height: 100%;\" align=\"justify\"><span style=\"color: #000000;\"><span style=\"font-family: Verdana,sans-serif;\"><span style=\"font-size: small;\"><b><span style=\"background: transparent;\">ABLEN DEL GUARDENGO<\/span><\/b><\/span><\/span><\/span><span style=\"color: #000000;\"><span style=\"font-family: Verdana,sans-serif;\"><span style=\"font-size: small;\"><span style=\"font-weight: normal;\"><span style=\"background: transparent;\"> \u2013 NATO IL 22\/05\/2012 \u2013 LO 12\/104116 &#8211; MICROCHIP 380260000563350 \u2013 PADRE FLASH DE CHANTOIZEAU \u2013 MADRE GENNA DEL GUARDENGO \u2013 ALLEVATORE GIANNI FULGENZI \u2013 PROPRIETARIO ROBERTO RENZI. \u201c<\/span><\/span><\/span><\/span><\/span><span style=\"color: #000000;\"><span style=\"font-family: Verdana,sans-serif;\"><span style=\"font-size: small;\"><span style=\"font-weight: normal;\"><span style=\"background: transparent;\">4 anni. Tipica, femminile, buona impronta di razza con testa di buona tipicit\u00e0, corretta espressione con orecchio bene inserito ma non sempre ben portato. Bene la spalla, correti i profili del tronco, buoni rene e groppa. Guadagnerebbe con maggiore cerchiatura toracica. Movimento elegante. \u201c. <\/span><\/span><\/span><\/span><\/span><span style=\"color: #000000;\"><span style=\"font-family: Verdana,sans-serif;\"><span style=\"font-size: small;\"><b><span style=\"background: transparent;\">2\u00b0 ECC RIS.CAC<\/span><\/b><\/span><\/span><\/span><\/p>\n<p class=\"western\" style=\"margin-bottom: 0cm; line-height: 100%;\" align=\"left\"><span style=\"color: #000000;\"><span style=\"font-family: Verdana,sans-serif;\"><span style=\"font-size: small;\"><b><span style=\"background: transparent;\">IZZY DI S.DONATO<\/span><\/b><\/span><\/span><\/span><span style=\"color: #000000;\"><span style=\"font-family: Verdana,sans-serif;\"><span style=\"font-size: small;\"><span style=\"font-weight: normal;\"><span style=\"background: transparent;\"> &#8211; NATA IL 14\/06\/2014 \u2013 B\/M \u2013 LO14116069 \u2013 MICROCHIP 380260002271496 \u2013 PADRE HIDRO DELLA VALLEE DU NEBBIU \u2013 MADRE AMBRA \u2013ALLEVATORE MARCO RAGATZU \u2013 PROPRIETARIO DELLA RATTA MARCO. \u201c <\/span><\/span><\/span><\/span><\/span><span style=\"color: #000000;\"><span style=\"font-family: Verdana,sans-serif;\"><span style=\"font-size: small;\"><span style=\"font-weight: normal;\"><span style=\"background: transparent;\">2 anni, buona tipicit\u00e0 di razza, ben rispettai i rapporti cranio\/muso, buona espressione e spalla bene inclinata. Corretti i profili del tronco, buon rene e groppa un filo corta. Movimento sciolto, spinge nel posteriore. \u201c. <\/span><\/span><\/span><\/span><\/span><span style=\"color: #000000;\"><span style=\"font-family: Verdana,sans-serif;\"><span style=\"font-size: small;\"><b><span style=\"background: transparent;\">1\u00b0 ECC CAC<\/span><\/b><\/span><\/span><\/span><\/p>\n<p class=\"western\" style=\"margin-bottom: 0cm; line-height: 100%;\" align=\"center\"><span style=\"font-family: Verdana,sans-serif;\"><span style=\"font-size: small;\"><b><span style=\"background: transparent;\">GIOVANI<\/span><\/b><\/span><\/span><\/p>\n<p class=\"western\" style=\"margin-bottom: 0cm; line-height: 100%;\" align=\"left\"><span style=\"color: #000000;\"><span style=\"font-family: Verdana,sans-serif;\"><span style=\"font-size: small;\"><b><span style=\"background: transparent;\">ALMA<\/span><\/b><\/span><\/span><\/span><span style=\"color: #000000;\"><span style=\"font-family: Verdana,sans-serif;\"><span style=\"font-size: small;\"><span style=\"font-weight: normal;\"><span style=\"background: transparent;\"> \u2013 NATA IL 09\/08\/2015 \u2013 B\/M &#8211; LO159801 \u2013 MICROCHIP 380260002553226 \u2013 PADRE AKIM \u2013 MADRE GAIA DI S.DONATO \u2013 ALLEVATORE CASTOLDI ANTONIO \u2013 PROPRIETARIO FORTUNA FRANCO. \u201c <\/span><\/span><\/span><\/span><\/span><span style=\"color: #000000;\"><span style=\"font-family: Verdana,sans-serif;\"><span style=\"font-size: small;\"><span style=\"font-weight: normal;\"><span style=\"background: transparent;\">13 mesi, in tipo, ben rispettati i rapporti cranio\/muso, corretta espressione, orecchio bene inserito ma non sempre ben portato. Testa un filo pesante, bene la spalla. Profilo superiore con leggera inclinazione bee rene e groppa, buon profilo toracico. Muove bene.\u201d.<\/span><\/span><\/span><\/span><\/span><span style=\"color: #000000;\"><span style=\"font-family: Verdana,sans-serif;\"><span style=\"font-size: small;\"><b><span style=\"background: transparent;\">1\u00b0 ECC<\/span><\/b><\/span><\/span><\/span><\/p>\n<p class=\"western\" style=\"margin-bottom: 0cm; line-height: 100%;\" align=\"center\"><span style=\"font-family: Verdana,sans-serif;\"><span style=\"font-size: small;\"><b><span style=\"background: transparent;\">BABY<\/span><\/b><\/span><\/span><\/p>\n<p class=\"western\" style=\"margin-bottom: 0cm; line-height: 100%;\" align=\"left\"><a name=\"InfoResults\"><\/a> <span style=\"color: #000000;\"><span style=\"font-family: Verdana,sans-serif;\"><span style=\"font-size: small;\"><b><span style=\"background: transparent;\">MEDA DI S.DONATO<\/span><\/b><\/span><\/span><\/span><span style=\"color: #000000;\"><span style=\"font-family: Verdana,sans-serif;\"><span style=\"font-size: small;\"><span style=\"font-weight: normal;\"><span style=\"background: transparent;\"> \u2013 NATA IL 22\/06\/2016 \u2013 B\/M \u2013 LO 16132486 MICROCHIP 380260070210941 &#8211; PADRE IACOPO DI S.DONATO \u2013 MADRE FLORA \u2013 ALLEVATORE RAGATZU MARCO \u2013 PROPRIETARIO DELLA CORTE ALFONSO<\/span><\/span><\/span><\/span><\/span><span style=\"color: #000000;\"><span style=\"font-family: Verdana,sans-serif;\"><span style=\"font-size: small;\"><b><span style=\"background: transparent;\"> \u201c <\/span><\/b><\/span><\/span><\/span><span style=\"color: #000000;\"><span style=\"font-family: Verdana,sans-serif;\"><span style=\"font-size: small;\"><span style=\"font-weight: normal;\"><span style=\"background: transparent;\">Soggetto di tre mesi con evidenti qualit\u00e0 di razza, la dentatura, l&#8217;espressione ed il mantello sono corretti. Sperando in un corretto sviluppo si ralascia massima qualifica. \u201c. <\/span><\/span><\/span><\/span><\/span><span style=\"color: #000000;\"><span style=\"font-family: Verdana,sans-serif;\"><span style=\"font-size: small;\"><b><span style=\"background: transparent;\">MOLTO PROMETTENTE<\/span><\/b><\/span><\/span><\/span><\/p>\n<p class=\"western\" style=\"margin-bottom: 0cm; line-height: 100%;\" align=\"center\"><span style=\"font-family: Verdana,sans-serif;\"><span style=\"font-size: small;\"><b><span style=\"background: transparent;\">180 -BRACCHI BLU D\u2019ALVERNIA<\/span><\/b><\/span><\/span><\/p>\n<p class=\"western\" style=\"margin-bottom: 0cm; line-height: 100%;\" align=\"center\"><span style=\"font-family: Verdana,sans-serif;\"><span style=\"font-size: small;\"><b><span style=\"background: transparent;\">FEMMINE<\/span><\/b><\/span><\/span><\/p>\n<p class=\"western\" style=\"margin-bottom: 0cm; line-height: 100%;\" align=\"center\"><span style=\"font-family: Verdana,sans-serif;\"><span style=\"font-size: small;\"><b><span style=\"background: transparent;\">LIBERA<\/span><\/b><\/span><\/span><\/p>\n<p class=\"western\" style=\"margin-bottom: 0cm; line-height: 100%;\"><span style=\"color: #000000;\"><span style=\"font-family: Verdana,sans-serif;\"><span style=\"font-size: small;\"><span style=\"font-weight: normal;\"><span style=\"background: transparent;\">1. <\/span><\/span><\/span><\/span><\/span><span style=\"color: #000000;\"><span style=\"font-family: Verdana,sans-serif;\"><span style=\"font-size: small;\"><b><span style=\"background: transparent;\">FOSCA<\/span><\/b><\/span><\/span><\/span><span style=\"color: #000000;\"><span style=\"font-family: Verdana,sans-serif;\"><span style=\"font-size: small;\"><span style=\"font-weight: normal;\"><span style=\"background: transparent;\"> \u2013 NATA IL 11\/05\/2013 \u2013 LO 13101022 \u2013 MICROCHIP 380260080237108 \u2013 PADRE GIO BRACCO LEO DU RUISSEAU DE MONTBRUN \u2013 MADRE MORENA \u2013 ALLEVATORE E PROPRIETARIO PICCI ELISA. \u201c <\/span><\/span><\/span><\/span><\/span><span style=\"color: #000000;\"><span style=\"font-family: Verdana,sans-serif;\"><span style=\"font-size: small;\"><span style=\"font-weight: normal;\"><span style=\"background: transparent;\">Soggetto gi\u00e0 giudicato di recente, si presenta in ottima forma. Confermo precedente giudizio.\u201d.<\/span><\/span><\/span><\/span><\/span><span style=\"color: #000000;\"><span style=\"font-family: Verdana,sans-serif;\"><span style=\"font-size: small;\"><b><span style=\"background: transparent;\">1\u00b0 ECC CAC<\/span><\/b><\/span><\/span><\/span><\/p>\n<p class=\"western\" style=\"margin-bottom: 0cm; line-height: 100%;\" align=\"center\"><span style=\"font-family: Verdana,sans-serif;\"><b>179 \u2013 BRACCO DEL BORBONESE<\/b><\/span><\/p>\n<p class=\"western\" style=\"margin-bottom: 0cm; line-height: 100%;\" align=\"center\"><span style=\"font-family: Verdana,sans-serif;\"><b>MASCHI<\/b><\/span><\/p>\n<p class=\"western\" style=\"margin-bottom: 0cm; line-height: 100%;\" align=\"center\"><span style=\"font-family: Verdana,sans-serif;\"><b>CAMPIONI<\/b><\/span><\/p>\n<p class=\"western\" style=\"margin-bottom: 0cm; line-height: 100%;\" align=\"justify\"><span style=\"font-family: Verdana,sans-serif;\"><b>ETHAN DES PREUTS PRES &#8211;<\/b><\/span><span style=\"font-family: Verdana,sans-serif;\"><span style=\"font-weight: normal;\">NATO IL 04\/07\/2009 \u2013 LO 1040543 \u2013 MICROCHIP 250269602748241 \u2013 PADRE CYRUS DES PREUTS PRES \u2013 MADRE UBELLE DES PREUTS PRES \u2013 ALLEVATORE M.ME BASSUEL \u2013 PROPRIETARIO RUBENS VAGLIO. \u201c<\/span><\/span><span style=\"font-family: Verdana,sans-serif;\"><span style=\"font-weight: normal;\">6 anni, evidente impronta maschile, buoni i rapporti cranio\/muso, sufficientemente corretta l&#8217;espressione, dorsale ben solida, bene le angolazioni, buona spinta del posteriore.\u201d.<\/span><\/span><span style=\"font-family: Verdana,sans-serif;\"><b>1\u00b0 ECC<\/b><\/span><\/p>\n<p class=\"western\" style=\"margin-bottom: 0cm; line-height: 100%;\" align=\"center\"><span style=\"font-family: Verdana,sans-serif;\"><b>FEMMINE<\/b><\/span><\/p>\n<p class=\"western\" style=\"margin-bottom: 0cm; line-height: 100%;\" align=\"center\"><span style=\"font-family: Verdana,sans-serif;\"><b>CAMPIONI<\/b><\/span><\/p>\n<p><span style=\"font-family: Verdana,sans-serif;\"><b>GITANE DE LA CROIX D&#8217;ANGOLUEME<\/b><\/span><span style=\"font-family: Verdana,sans-serif;\"><span style=\"font-weight: normal;\"> \u2013 NATA IL 13\/12\/2011 \u2013 LO 1230794 \u2013 MICROCHIP 380260000520687 \u2013 PADRE ETHAN DES PREUTS PRES \u2013 MADRE ESTREE DE LA BENIGOU \u2013 ALLEVATORE E PROPRIETARIO RUBENS VAGLIO. \u201c <\/span><\/span><span style=\"font-family: Verdana,sans-serif;\"><span style=\"font-weight: normal;\">3 anni, in tipo, ben rispettatii rapporti cranio\/muso, corretta espressione, spalla ben angolata. Corretto rene, groppa troppo iclinata. Muove bene.\u201d. <\/span><\/span><span style=\"font-family: Verdana,sans-serif;\"><b>1\u00b0 ECC<\/b><\/span><\/p>\n<p class=\"western\" lang=\"it\" style=\"margin-bottom: 0cm; line-height: 100%;\" align=\"justify\"><strong><span style=\"font-family: Verdana,sans-serif;\"><span style=\"font-size: small;\"><span style=\"background: transparent none repeat scroll 0% 0%;\">SELEZIONE SQUADRE PER LA COPPA ITALIA RAZZE DA FERMA CONTINENTALI 2016<\/span><\/span><\/span><\/strong><\/p>\n<p class=\"western\" lang=\"it\" style=\"margin-bottom: 0cm; line-height: 100%;\" align=\"center\"><span style=\"font-family: Verdana,sans-serif;\"><span style=\"font-size: small;\"><b><span style=\"background: transparent;\">(ESTRATTO DEL REGOLAMENTO DELLA COPPA ITALIA)<\/span><\/b><\/span><\/span><\/p>\n<p style=\"margin-bottom: 0cm; line-height: 100%; widows: 0; orphans: 0;\" align=\"center\"><span style=\"font-family: Arial,sans-serif;\"><span style=\"font-size: small;\"><b><span style=\"background: transparent;\">Art. 9 RAPPRESENTATIVE <\/span><\/b><\/span><\/span><\/p>\n<p style=\"margin-bottom: 0cm; line-height: 100%; widows: 0; orphans: 0;\" align=\"left\"><span style=\"font-family: Arial,sans-serif;\"><span style=\"font-size: medium;\"><span style=\"color: #000000;\"><span style=\"text-decoration: none;\"><span style=\"font-size: small;\"><span style=\"font-weight: normal;\">Ogni associazione di razza former\u00e0 la propria rappresentativa con un massimo <\/span><\/span><\/span><\/span><span style=\"color: #000000;\"><span style=\"text-decoration: none;\"><span style=\"font-size: small;\"><b>di sei cani<\/b><\/span><\/span><\/span><span style=\"color: #000000;\"><span style=\"text-decoration: none;\"><span style=\"font-size: small;\"><span style=\"font-weight: normal;\">. All\u2019atto dell\u2019iscrizione, ciascuna Associazione comunicher\u00e0 i nominativi dei <\/span><\/span><\/span><\/span><span style=\"color: #000000;\"><span style=\"text-decoration: none;\"><span style=\"font-size: small;\"><b>sei titolari e di una o due riserve<\/b><\/span><\/span><\/span><span style=\"color: #000000;\"><span style=\"text-decoration: none;\"><span style=\"font-size: small;\"><span style=\"font-weight: normal;\">. La composizione definitiva della squadra, cio\u00e8 l\u2019eventuale sostituzione di uno o due titolari con una o due riserve dichiarate all\u2019atto dell\u2019iscrizione, dovr\u00e0 essere ufficialmente comunicata all\u2019ente organizzatore della Coppa Italia entro e non oltre il momento di formazione delle batterie e l\u2019estrazione delle giurie nel giorno che precede l\u2019inizio della manifestazione, dopo di che nessuna sostituzione potr\u00e0 avere luogo e l\u2019eventuale impedimento alla partecipazione di uno o pi\u00f9 cani iscritti si tradurr\u00e0 in una decurtazione del numero dei componenti della squadra ed entrambi i soggetti correranno nella stessa batteria.<\/span><\/span><\/span><\/span><\/span><\/span><\/p>\n<p style=\"margin-bottom: 0cm; line-height: 100%; widows: 0; orphans: 0;\" align=\"left\"><span style=\"font-family: Arial,sans-serif;\"><span style=\"font-size: medium;\"><span style=\"color: #000000;\"><span style=\"text-decoration: none;\"><span style=\"font-size: small;\"><b>Ogni conduttore non potr\u00e0 essere presente con pi\u00f9 di due soggetti in assoluto;<\/b><\/span><\/span><\/span><span style=\"color: #000000;\"><span style=\"text-decoration: none;\"><span style=\"font-size: small;\"><span style=\"font-weight: normal;\"> almeno due terzi della squadra dovr\u00e0 essere composta da cani nati in Italia (minimo quattro cani).<\/span><\/span><\/span><\/span><\/span><\/span><\/p>\n<p style=\"margin-bottom: 0cm; line-height: 100%; widows: 0; orphans: 0;\" align=\"center\"><span style=\"font-family: Arial,sans-serif;\"><span style=\"font-size: medium;\">\u00a0<\/span><\/span><\/p>\n<p>&nbsp;<\/p>\n<p style=\"margin-bottom: 0cm; line-height: 100%; widows: 0; orphans: 0;\" align=\"left\"><span style=\"font-family: Arial,sans-serif;\"><span style=\"font-size: medium;\"><b>RADUNO<\/b><span style=\"font-weight: normal;\">: MIGLIOR MASCHIO E MIGLIORE DI RAZZA: <\/span><strong>IACOPO DI S.DONATO<\/strong><\/span><\/span><\/p>\n<p style=\"margin-bottom: 0cm; line-height: 100%; widows: 0; orphans: 0;\" align=\"left\"><span style=\"font-family: Arial,sans-serif;\"><span style=\"font-size: medium;\"><span style=\"font-weight: normal;\">MIGLIOR FEMMINA <\/span><strong>NANA&#8217;<\/strong><\/span><\/span><\/p>\n<p style=\"margin-bottom: 0cm; line-height: 100%; widows: 0; orphans: 0;\" align=\"left\"><strong><span style=\"font-family: Arial,sans-serif;\"><span style=\"font-size: medium;\">TROFEO \u201cTUSCIA CIBF 2016\u201d OFFERTO DA RENZI ROBERTO ASSEGNATO A ABLEN DEL GUARDENGO<\/span><\/span><\/strong><\/p>\n<p style=\"margin-bottom: 0cm; line-height: 100%; widows: 0; orphans: 0;\" align=\"center\"><strong><span style=\"font-family: Arial,sans-serif;\"><span style=\"font-size: medium;\">CAMPIONI SOCIALI DI BELLEZZA 2016<\/span><\/span><\/strong><\/p>\n<p style=\"margin-bottom: 0cm; line-height: 100%; widows: 0; orphans: 0;\" align=\"left\"><span style=\"font-family: Arial,sans-serif;\"><span style=\"font-size: medium;\"><b>BRACCHI FRANCESI TIPO PIRENEI IACOPO DI S.DONATO E NANA&#8217;<\/b><\/span><\/span><\/p>\n<p style=\"margin-bottom: 0cm; line-height: 100%; widows: 0; orphans: 0;\" align=\"left\"><span style=\"font-family: Arial,sans-serif;\"><span style=\"font-size: medium;\"><b>BRACCHI BLU D&#8217;ALVERNIA FOSCA<\/b><\/span><\/span><\/p>\n<p style=\"margin-bottom: 0cm; line-height: 100%; widows: 0; orphans: 0;\" align=\"left\"><span style=\"font-family: Arial,sans-serif;\"><span style=\"font-size: medium;\"><b>BRACCHI DEL BORBONESE <span style=\"font-family: Verdana,sans-serif;\">GITANE DE LA CROIX D&#8217;ANGOLUEME E ETHAN DES PREUTS PRES<\/span><\/b><\/span><\/span><\/p>\n<p>\u00a0Galleria fotografica<a href=\"https:\/\/plus.google.com\/u\/0\/collection\/owPBnB\"> qui<\/a><\/p>\n","protected":false},"excerpt":{"rendered":"<p>&nbsp; Il 2 ottobre 2016 si \u00e8 svolto il 36^ raduno nazionale, il 1^ di Campionato Sociale CIBF. Un evento caratterizzato da cospicua partecipazione che ha visto trentuno bracchi francesi a catalogo, un blu d&#8217;Alvernia e due borbonesi, (quattro assenti &hellip; <a href=\"https:\/\/www.braccofrancese.com\/?p=1206\">Continue reading <span class=\"meta-nav\">&rarr;<\/span><\/a><\/p>\n","protected":false},"author":3,"featured_media":0,"comment_status":"closed","ping_status":"closed","sticky":false,"template":"","format":"standard","meta":[],"categories":[1],"tags":[],"_links":{"self":[{"href":"https:\/\/www.braccofrancese.com\/index.php?rest_route=\/wp\/v2\/posts\/1206"}],"collection":[{"href":"https:\/\/www.braccofrancese.com\/index.php?rest_route=\/wp\/v2\/posts"}],"about":[{"href":"https:\/\/www.braccofrancese.com\/index.php?rest_route=\/wp\/v2\/types\/post"}],"author":[{"embeddable":true,"href":"https:\/\/www.braccofrancese.com\/index.php?rest_route=\/wp\/v2\/users\/3"}],"replies":[{"embeddable":true,"href":"https:\/\/www.braccofrancese.com\/index.php?rest_route=%2Fwp%2Fv2%2Fcomments&post=1206"}],"version-history":[{"count":7,"href":"https:\/\/www.braccofrancese.com\/index.php?rest_route=\/wp\/v2\/posts\/1206\/revisions"}],"predecessor-version":[{"id":1263,"href":"https:\/\/www.braccofrancese.com\/index.php?rest_route=\/wp\/v2\/posts\/1206\/revisions\/1263"}],"wp:attachment":[{"href":"https:\/\/www.braccofrancese.com\/index.php?rest_route=%2Fwp%2Fv2%2Fmedia&parent=1206"}],"wp:term":[{"taxonomy":"category","embeddable":true,"href":"https:\/\/www.braccofrancese.com\/index.php?rest_route=%2Fwp%2Fv2%2Fcategories&post=1206"},{"taxonomy":"post_tag","embeddable":true,"href":"https:\/\/www.braccofrancese.com\/index.php?rest_route=%2Fwp%2Fv2%2Ftags&post=1206"}],"curies":[{"name":"wp","href":"https:\/\/api.w.org\/{rel}","templated":true}]}}