{"id":1189,"date":"2016-07-16T10:46:43","date_gmt":"2016-07-16T08:46:43","guid":{"rendered":"http:\/\/www.braccofrancese.com\/?p=1189"},"modified":"2016-07-16T11:18:52","modified_gmt":"2016-07-16T09:18:52","slug":"speciale-cibf-a-lajatico-tangibili-conferme","status":"publish","type":"post","link":"https:\/\/www.braccofrancese.com\/?p=1189","title":{"rendered":"Speciale CIBF a Lajatico &#8211; Tangibili conferme."},"content":{"rendered":"<p style=\"text-align: center;\">Oggi, 16 luglio 2016, si \u00e8 svolta a Lajatico la speciale CIBF su selvaggina naturale organizzata grazie alla collaborazione del Gruppo Cinofilo di Massa Carrara.\u00a0Una buona partecipazione di soggetti che ha contato nove bracchi francesi ed un blu d&#8217;Alvernia, giudicati dall&#8217;Esperto Giorgio Bellotti. Sostanzialmente la verifica ha messo in evidenza delle ottime qualit\u00e0 potenziali dal punto di vista venatorio: &#8220;Tutti i cani esaminati hanno manifestato eccellenti qualit\u00e0. A prescindere dalla preparazione, trattandosi di cani\u00a0prevalentemente\u00a0in mano a cacciatori, si sono evidenziati con grande avidit\u00e0 e hanimus venandi, psiche da continentale e spiccata\u00a0mentalit\u00e0. Il bracco francese in genere \u00e8 un ottimo cane da caccia odierno.&#8221;. Queste le parole dell&#8217;Esperto Giudice. L&#8217;unico blu d&#8217;Alvernia, Giotto condotto da Bechini Giuseppe, \u00a0si \u00e8 espresso nel rispetto della nota del concorso in quanto buon cacciatore e valido, ma\u00a0che purtroppo\u00a0investendo una coppia di strarne incappa\u00a0nell&#8217;errore che ne ha causato la preclusione dalla classifica. Nei bracchi francesi si impone su tutti\u00a0<strong>Izzi di S.Donato, <\/strong>(CAC anche al Raduno del Game Fair\u00a0condotta da Mariani Omar e di propriet\u00e0 di Marco Della Ratta),con grande psiche continentale e che svolge un turno impeccabile per metodo, avidit\u00e0 e volont\u00e0 a reperire. Non avendo incontrato viene richiamata dove riesce a concludere un ottimo punto. <strong>1\u00b0 ECC CAC<\/strong>. Altri cani particolarmente interessanti, (in una batteria di tutto merito nella sua globalit\u00e0), sono stati il \u00a0Boss di Catellani Elvezio, \u00a0Feal di Malpeli Antonio ancora condotto da Mariani e, una nuova e piacevole conoscenza, la femmina di Piero Maloni Gaia du Vallon de Furiani che aveva guadagnato un gran punto su brigata di starne con lunga guidata per poi, purtroppo, perdersi al fuori mano. Ancora una verifica che concede grande soddisfazione e importanti conferme sulle razze e sul lavoro intrapreso ad oggi che consente di proseguire nella giusta selezione del bracco francese in Italia e permette anche di concertare pi\u00f9 accuratamente il lavoro per il futuro del Blu d&#8217;Alvernia. (Il Presidente Marco Ragatzu).<\/p>\n","protected":false},"excerpt":{"rendered":"<p>Oggi, 16 luglio 2016, si \u00e8 svolta a Lajatico la speciale CIBF su selvaggina naturale organizzata grazie alla collaborazione del Gruppo Cinofilo di Massa Carrara.\u00a0Una buona partecipazione di soggetti che ha contato nove bracchi francesi ed un blu d&#8217;Alvernia, giudicati &hellip; <a href=\"https:\/\/www.braccofrancese.com\/?p=1189\">Continue reading <span class=\"meta-nav\">&rarr;<\/span><\/a><\/p>\n","protected":false},"author":3,"featured_media":0,"comment_status":"closed","ping_status":"closed","sticky":false,"template":"","format":"standard","meta":[],"categories":[1],"tags":[],"_links":{"self":[{"href":"https:\/\/www.braccofrancese.com\/index.php?rest_route=\/wp\/v2\/posts\/1189"}],"collection":[{"href":"https:\/\/www.braccofrancese.com\/index.php?rest_route=\/wp\/v2\/posts"}],"about":[{"href":"https:\/\/www.braccofrancese.com\/index.php?rest_route=\/wp\/v2\/types\/post"}],"author":[{"embeddable":true,"href":"https:\/\/www.braccofrancese.com\/index.php?rest_route=\/wp\/v2\/users\/3"}],"replies":[{"embeddable":true,"href":"https:\/\/www.braccofrancese.com\/index.php?rest_route=%2Fwp%2Fv2%2Fcomments&post=1189"}],"version-history":[{"count":3,"href":"https:\/\/www.braccofrancese.com\/index.php?rest_route=\/wp\/v2\/posts\/1189\/revisions"}],"predecessor-version":[{"id":1192,"href":"https:\/\/www.braccofrancese.com\/index.php?rest_route=\/wp\/v2\/posts\/1189\/revisions\/1192"}],"wp:attachment":[{"href":"https:\/\/www.braccofrancese.com\/index.php?rest_route=%2Fwp%2Fv2%2Fmedia&parent=1189"}],"wp:term":[{"taxonomy":"category","embeddable":true,"href":"https:\/\/www.braccofrancese.com\/index.php?rest_route=%2Fwp%2Fv2%2Fcategories&post=1189"},{"taxonomy":"post_tag","embeddable":true,"href":"https:\/\/www.braccofrancese.com\/index.php?rest_route=%2Fwp%2Fv2%2Ftags&post=1189"}],"curies":[{"name":"wp","href":"https:\/\/api.w.org\/{rel}","templated":true}]}}