{"id":1171,"date":"2016-04-27T16:59:20","date_gmt":"2016-04-27T14:59:20","guid":{"rendered":"http:\/\/www.braccofrancese.com\/?p=1171"},"modified":"2016-04-27T16:59:20","modified_gmt":"2016-04-27T14:59:20","slug":"raduno-nazionale-al-game-fair-2016","status":"publish","type":"post","link":"http:\/\/www.braccofrancese.com\/?p=1171","title":{"rendered":"Raduno Nazionale al Game Fair 2016"},"content":{"rendered":"<p><!--StartFragment--><\/p>\n<div class=\"gmail_default\" style=\"font-family: verdana,sans-serif; font-size: small; text-align: justify;\">Si comunica a tutti i Soci che in data <strong>28 maggio 2016<\/strong> avr\u00e0 luogo il Raduno Nazionale per tutte le razze tutelate dal CIBF, (oltre che dal CIGK), in localit\u00e0 Braccagni, Grosseto, in occasione e negli spazi gentilmente concessi da <strong>Game Fair Italia<\/strong>. L&#8217;esperto Giudice che esaminer\u00e0 i soggetti tutti \u00e8 il sig. Claudio Lombardi. Le iscrizioni devono essere inviate, (accompagnate dalla ricevuta di versamento della quota di iscrizione fissata per \u20ac 25,00), a <a href=\"mailto:segreteria@braccofrancese.com\" target=\"_blank\">segreteria@braccofrancese.com<\/a> entro la data del 23 maggio 2016, utilizzando il modulo scaricabile e compilato in maniera <strong>LEGGIBILE<\/strong> su <a href=\"http:\/\/www.braccofrancese.com\/?page_id=45\" target=\"_blank\">http:\/\/www.braccofrancese.com\/<wbr \/>?page_id=45<\/a> . Ricordiamo che l&#8217;iscrizione al raduno concede anche l&#8217;ingresso gratuito al Game Fair per l&#8217;intera giornata del sabato con parcheggio riservato, (parcheggio veterinaria\/espositori), dal quale si acceder\u00e0 al mattino del sabato entro e non oltre le ore 10:00; sar\u00e0 presente all&#8217;ingresso del parcheggio un incaricato del CIBF che fornir\u00e0 i pass necessari e le indicazioni per raggiungere il sito del raduno, (Stand CIBF).<\/div>\n<div class=\"gmail_default\" style=\"font-family: verdana,sans-serif; font-size: small; text-align: justify;\">Info richiedibili per mail anche a <a href=\"mailto:marcoragatzu@gmail.com\" target=\"_blank\">marcoragatzu@gmail.com<\/a> o telefonicamente al numero <a href=\"tel:3407128240\" target=\"_blank\">3407128240<\/a>.<\/div>\n<div class=\"gmail_default\" style=\"font-family: verdana,sans-serif; font-size: small; text-align: justify;\">Il Raduno \u00e8 valevole per il Trofeo &#8220;Bracco dell&#8217;anno&#8221;<\/div>\n<p><!--EndFragment-->&nbsp;<\/p>\n","protected":false},"excerpt":{"rendered":"<p>Si comunica a tutti i Soci che in data 28 maggio 2016 avr\u00e0 luogo il Raduno Nazionale per tutte le razze tutelate dal CIBF, (oltre che dal CIGK), in localit\u00e0 Braccagni, Grosseto, in occasione e negli spazi gentilmente concessi da &hellip; <a href=\"http:\/\/www.braccofrancese.com\/?p=1171\">Continue reading <span class=\"meta-nav\">&rarr;<\/span><\/a><\/p>\n","protected":false},"author":3,"featured_media":0,"comment_status":"closed","ping_status":"closed","sticky":false,"template":"","format":"standard","meta":[],"categories":[1],"tags":[],"_links":{"self":[{"href":"http:\/\/www.braccofrancese.com\/index.php?rest_route=\/wp\/v2\/posts\/1171"}],"collection":[{"href":"http:\/\/www.braccofrancese.com\/index.php?rest_route=\/wp\/v2\/posts"}],"about":[{"href":"http:\/\/www.braccofrancese.com\/index.php?rest_route=\/wp\/v2\/types\/post"}],"author":[{"embeddable":true,"href":"http:\/\/www.braccofrancese.com\/index.php?rest_route=\/wp\/v2\/users\/3"}],"replies":[{"embeddable":true,"href":"http:\/\/www.braccofrancese.com\/index.php?rest_route=%2Fwp%2Fv2%2Fcomments&post=1171"}],"version-history":[{"count":1,"href":"http:\/\/www.braccofrancese.com\/index.php?rest_route=\/wp\/v2\/posts\/1171\/revisions"}],"predecessor-version":[{"id":1172,"href":"http:\/\/www.braccofrancese.com\/index.php?rest_route=\/wp\/v2\/posts\/1171\/revisions\/1172"}],"wp:attachment":[{"href":"http:\/\/www.braccofrancese.com\/index.php?rest_route=%2Fwp%2Fv2%2Fmedia&parent=1171"}],"wp:term":[{"taxonomy":"category","embeddable":true,"href":"http:\/\/www.braccofrancese.com\/index.php?rest_route=%2Fwp%2Fv2%2Fcategories&post=1171"},{"taxonomy":"post_tag","embeddable":true,"href":"http:\/\/www.braccofrancese.com\/index.php?rest_route=%2Fwp%2Fv2%2Ftags&post=1171"}],"curies":[{"name":"wp","href":"https:\/\/api.w.org\/{rel}","templated":true}]}}