{"id":1168,"date":"2016-03-22T23:44:36","date_gmt":"2016-03-22T22:44:36","guid":{"rendered":"http:\/\/www.braccofrancese.com\/?p=1168"},"modified":"2016-03-22T23:44:36","modified_gmt":"2016-03-22T22:44:36","slug":"ciao-luigi","status":"publish","type":"post","link":"http:\/\/www.braccofrancese.com\/?p=1168","title":{"rendered":"Ciao Luigi."},"content":{"rendered":"<p>Luigi Nerilli non \u00e8 pi\u00f9 con noi.<\/p>\n<p style=\"text-align: justify;\">Si \u00e8 spento nella sua Campobasso Luigi Nerilli, cinofilo da sempre e da molti anni impegnato nelle fila dell&#8217;ENCI in posizioni di estremo rilievo. Era un uomo schietto e diretto, sempre sincero e leale che ha assolto numerosi incarichi di notevole importanza tecnica e sociale affidatigli dall&#8217;Ente, con massima discrezione ed imparzialit\u00e0, perseguendo continuamente i fini cinofili che lo hanno condotto sino ai suoi ultimi momenti. Era Consigliere nazionale dell&#8217;ENCI, Presidente del Club Italiano Griffone Korthals, allevatore di pointer e Korthals, Esperto Giudice \u201cAll rounder\u201d in esposizione e abilitato per tutte le razze da ferma in ogni disciplina nelle prove di lavoro. Era candidato nuovamente per le prossime elezioni per il rinnovo delle cariche sociali: inarrendevole ha affrontato la sua malattia senza cedere un passo sino a quando ha lasciato tutti noi addolorati per la tragica scomparsa. Il Consiglio Direttivo , tutta l&#8217;Enci e i cinofili italiani lo ricorderanno per la sua trasparente attivit\u00e0 sempre molto diretta e scevra da inutili compromessi. (MR).<\/p>\n","protected":false},"excerpt":{"rendered":"<p>Luigi Nerilli non \u00e8 pi\u00f9 con noi. Si \u00e8 spento nella sua Campobasso Luigi Nerilli, cinofilo da sempre e da molti anni impegnato nelle fila dell&#8217;ENCI in posizioni di estremo rilievo. Era un uomo schietto e diretto, sempre sincero e &hellip; <a href=\"http:\/\/www.braccofrancese.com\/?p=1168\">Continue reading <span class=\"meta-nav\">&rarr;<\/span><\/a><\/p>\n","protected":false},"author":3,"featured_media":0,"comment_status":"closed","ping_status":"closed","sticky":false,"template":"","format":"standard","meta":[],"categories":[1],"tags":[],"_links":{"self":[{"href":"http:\/\/www.braccofrancese.com\/index.php?rest_route=\/wp\/v2\/posts\/1168"}],"collection":[{"href":"http:\/\/www.braccofrancese.com\/index.php?rest_route=\/wp\/v2\/posts"}],"about":[{"href":"http:\/\/www.braccofrancese.com\/index.php?rest_route=\/wp\/v2\/types\/post"}],"author":[{"embeddable":true,"href":"http:\/\/www.braccofrancese.com\/index.php?rest_route=\/wp\/v2\/users\/3"}],"replies":[{"embeddable":true,"href":"http:\/\/www.braccofrancese.com\/index.php?rest_route=%2Fwp%2Fv2%2Fcomments&post=1168"}],"version-history":[{"count":1,"href":"http:\/\/www.braccofrancese.com\/index.php?rest_route=\/wp\/v2\/posts\/1168\/revisions"}],"predecessor-version":[{"id":1169,"href":"http:\/\/www.braccofrancese.com\/index.php?rest_route=\/wp\/v2\/posts\/1168\/revisions\/1169"}],"wp:attachment":[{"href":"http:\/\/www.braccofrancese.com\/index.php?rest_route=%2Fwp%2Fv2%2Fmedia&parent=1168"}],"wp:term":[{"taxonomy":"category","embeddable":true,"href":"http:\/\/www.braccofrancese.com\/index.php?rest_route=%2Fwp%2Fv2%2Fcategories&post=1168"},{"taxonomy":"post_tag","embeddable":true,"href":"http:\/\/www.braccofrancese.com\/index.php?rest_route=%2Fwp%2Fv2%2Ftags&post=1168"}],"curies":[{"name":"wp","href":"https:\/\/api.w.org\/{rel}","templated":true}]}}